{"id":4658,"date":"2021-03-08T13:40:57","date_gmt":"2021-03-08T13:40:57","guid":{"rendered":"http:\/\/www.radiolimari.cl\/?p=4658"},"modified":"2021-03-08T13:40:57","modified_gmt":"2021-03-08T13:40:57","slug":"conadi-inauguro-nueva-oficina-en-la-serena-para-atender-a-mas-de-40-mil-personas-indigenas-de-la-region-de-coquimbo","status":"publish","type":"post","link":"https:\/\/www.radiolimari.cl\/?p=4658","title":{"rendered":"CONADI inaugur\u00f3 nueva oficina en La Serena para atender a m\u00e1s de 40 mil personas ind\u00edgenas de la Regi\u00f3n de Coquimbo"},"content":{"rendered":"<p><a href=\"https:\/\/www.radiolimari.cl\/wp-content\/uploads\/2021\/03\/8.3-INAUGURACI\u00d3N-OFICINA-PIDI-2-min.jpg\"><img fetchpriority=\"high\" decoding=\"async\" class=\"alignnone size-medium wp-image-4659\" src=\"https:\/\/www.radiolimari.cl\/wp-content\/uploads\/2021\/03\/8.3-INAUGURACI\u00d3N-OFICINA-PIDI-2-min-300x224.jpg\" alt=\"8.3 INAUGURACI\u00d3N OFICINA PIDI (2)-min\" width=\"300\" height=\"224\" srcset=\"https:\/\/www.radiolimari.cl\/wp-content\/uploads\/2021\/03\/8.3-INAUGURACI\u00d3N-OFICINA-PIDI-2-min-300x224.jpg 300w, https:\/\/www.radiolimari.cl\/wp-content\/uploads\/2021\/03\/8.3-INAUGURACI\u00d3N-OFICINA-PIDI-2-min-1024x766.jpg 1024w, https:\/\/www.radiolimari.cl\/wp-content\/uploads\/2021\/03\/8.3-INAUGURACI\u00d3N-OFICINA-PIDI-2-min.jpg 1280w\" sizes=\"(max-width: 300px) 100vw, 300px\" \/><\/a><\/p>\n<p><strong>En la actividad estuvieron presentes la Ministra de Desarrollo Social y Familia, Karla Rubilar; el Subsecretario de Servicios Sociales, Sebasti\u00e1n Villarreal; el Director Nacional de CONADI, Ignacio Malig Meza; y el Seremi de Desarrollo Social y Familia, Marcelo Telias; junto a las dos funcionarias de origen aymara, diaguita, y dirigentes ind\u00edgenas del territorio.<\/strong><!--more--><\/p>\n<p>La nueva oficina de CONADI, un sentido anhelo de m\u00e1s de 40 mil personas ind\u00edgenas de la Regi\u00f3n de Coquimbo, se encuentra ubicada en Avenida Francisco de Aguirre 477, La Serena, en dependencias de la Seremi de Desarrollo Social y Familia, donde en los pr\u00f3ximos d\u00edas estar\u00e1 lista para ser atendida por una funcionaria diaguita y una funcionaria de origen aymara, quienes recibir\u00e1n principalmente a personas ind\u00edgenas de los pueblos chango, aymara y diaguita.<\/p>\n<p>\u201cEstamos muy contentos de estar aqu\u00ed en este d\u00eda hist\u00f3rico, donde damos un espacio dentro de la Seremi de Desarrollo Social de la Regi\u00f3n de Coquimbo para una nueva oficina PIDI de CONADI para los pueblos ind\u00edgenas, que era tan necesaria para atender los requerimientos de los pueblos diaguita y chango, principalmente\u201d, explic\u00f3 la Ministra de Desarrollo Social y Familia, Karla Rubilar Barahona, \u201cpero tambi\u00e9n es una oficina que atender\u00e1 a personas de los 10 pueblos ind\u00edgenas, quienes \u00a0necesitaban efectivamente un espacio para postular a los beneficios del Estado, a la acreditaci\u00f3n de calidad Ind\u00edgena, sin tener que salir de la regi\u00f3n e ir a Santiago o esperar que de otra regi\u00f3n vinieran funcionarios para atenderlos. Este es un avance muy grande para los pueblos ind\u00edgenas y el reconocimiento de la diversidad que tenemos en el territorio. En ese sentido, debo agradecer al Director Nacional de la CONADI por recoger la inquietud que exist\u00eda en esta regi\u00f3n desde hace mucho tiempo y convertirla en una realidad\u201d, puntualiz\u00f3.<\/p>\n<p>\u201cPara la Corporaci\u00f3n Nacional de Desarrollo Ind\u00edgena, CONADI, y para nosotros como Gobierno, es muy importante ampliar nuestra presencia territorial\u201d, se\u00f1al\u00f3 el Director Nacional de CONADI, Ignacio Malig Meza, \u201ces por eso que hoy estamos muy contentos de anunciar esta inauguraci\u00f3n, junto al subsecretario Sebasti\u00e1n Villarreal y a la Ministra Karla Rubilar, de nuestra oficina PIDI en la Regi\u00f3n de Coquimbo, en dependencias de la Seremi de Desarrollo Social y Familia en la ciudad de La Serena, donde contaremos con dos funcionarias de origen ind\u00edgena (diaguita y aymara), quienes estar\u00e1n dispuestas para atender a las personas y a las comunidades, principalmente diaguita y changos de esta regi\u00f3n, para dales a conocer la oferta program\u00e1tica que tiene CONADI, puedan participar y realmente se sientan incluidos en nuestra instituci\u00f3n\u201d.<\/p>\n<p><strong>43 mil potenciales beneficiarios<\/strong><strong>\u00a0<\/strong><\/p>\n<p>De esta manera el Gobierno del Presidente Sebasti\u00e1n Pi\u00f1era reafirma su compromiso con los pueblos ind\u00edgenas, extendiendo la cobertura de CONADI a la Regi\u00f3n de Coquimbo, con una oficina en que se puede atender a personas de los 10 pueblos ind\u00edgenas reconocidos por la Ley 19.253, considerando que en esta regi\u00f3n un 5,55% de la poblaci\u00f3n (43.032 personas) pertenece a pueblos ind\u00edgenas (CASEN 2017) y donde especialmente se ver\u00e1n beneficiados los integrantes de los pueblos Chango, Colla y Diaguita que habitan esta zona.<\/p>\n<p>Asimismo, se debe mencionar que CONADI no contaba con oficina en la Regi\u00f3n de Coquimbo, por lo que los usuarios deb\u00edan concurrir a la oficina de la Regi\u00f3n Metropolitana (Providencia) o depend\u00edan de visitas peri\u00f3dicas de los funcionarios de otras regiones, mientras que en los pr\u00f3ximos d\u00edas en esta oficina se podr\u00e1n resolver todas las consultas referentes a CONADI y realizar tr\u00e1mites tales como acreditaci\u00f3n de calidad ind\u00edgena, registro de comunidades y asociaciones ind\u00edgenas, postulaciones a concursos y beneficios de los fondos de tierras, desarrollo cultura y educaci\u00f3n ind\u00edgena, entre otros.<\/p>\n","protected":false},"excerpt":{"rendered":"<p>En la actividad estuvieron presentes la Ministra de Desarrollo Social y Familia, Karla Rubilar; el Subsecretario de Servicios Sociales, Sebasti\u00e1n Villarreal; el Director Nacional de CONADI, Ignacio Malig Meza; y el Seremi de Desarrollo Social y Familia, Marcelo Telias; junto a las dos funcionarias de origen aymara, diaguita, y dirigentes ind\u00edgenas del territorio.<\/p>\n","protected":false},"author":2,"featured_media":4659,"comment_status":"open","ping_status":"open","sticky":false,"template":"","format":"standard","meta":{"footnotes":""},"categories":[6],"tags":[],"class_list":["post-4658","post","type-post","status-publish","format-standard","has-post-thumbnail","hentry","category-regionales"],"_links":{"self":[{"href":"https:\/\/www.radiolimari.cl\/index.php?rest_route=\/wp\/v2\/posts\/4658","targetHints":{"allow":["GET"]}}],"collection":[{"href":"https:\/\/www.radiolimari.cl\/index.php?rest_route=\/wp\/v2\/posts"}],"about":[{"href":"https:\/\/www.radiolimari.cl\/index.php?rest_route=\/wp\/v2\/types\/post"}],"author":[{"embeddable":true,"href":"https:\/\/www.radiolimari.cl\/index.php?rest_route=\/wp\/v2\/users\/2"}],"replies":[{"embeddable":true,"href":"https:\/\/www.radiolimari.cl\/index.php?rest_route=%2Fwp%2Fv2%2Fcomments&post=4658"}],"version-history":[{"count":1,"href":"https:\/\/www.radiolimari.cl\/index.php?rest_route=\/wp\/v2\/posts\/4658\/revisions"}],"predecessor-version":[{"id":4660,"href":"https:\/\/www.radiolimari.cl\/index.php?rest_route=\/wp\/v2\/posts\/4658\/revisions\/4660"}],"wp:featuredmedia":[{"embeddable":true,"href":"https:\/\/www.radiolimari.cl\/index.php?rest_route=\/wp\/v2\/media\/4659"}],"wp:attachment":[{"href":"https:\/\/www.radiolimari.cl\/index.php?rest_route=%2Fwp%2Fv2%2Fmedia&parent=4658"}],"wp:term":[{"taxonomy":"category","embeddable":true,"href":"https:\/\/www.radiolimari.cl\/index.php?rest_route=%2Fwp%2Fv2%2Fcategories&post=4658"},{"taxonomy":"post_tag","embeddable":true,"href":"https:\/\/www.radiolimari.cl\/index.php?rest_route=%2Fwp%2Fv2%2Ftags&post=4658"}],"curies":[{"name":"wp","href":"https:\/\/api.w.org\/{rel}","templated":true}]}}