{"id":4655,"date":"2021-03-07T01:12:14","date_gmt":"2021-03-07T01:12:14","guid":{"rendered":"http:\/\/www.radiolimari.cl\/?p=4655"},"modified":"2021-03-07T01:12:14","modified_gmt":"2021-03-07T01:12:14","slug":"en-ovalle-ministros-rubilar-y-moreno-lanzan-nueva-ficha-basica-de-emergencia-hidrica","status":"publish","type":"post","link":"https:\/\/www.radiolimari.cl\/?p=4655","title":{"rendered":"En Ovalle Ministros Rubilar y Moreno lanzan nueva Ficha B\u00e1sica de Emergencia H\u00eddrica"},"content":{"rendered":"<p><a href=\"https:\/\/www.radiolimari.cl\/wp-content\/uploads\/2021\/03\/6.5-LANZAMIENTO-FICHA-FIBE-H\u00cdDRICA-3-min.jpg\"><img fetchpriority=\"high\" decoding=\"async\" class=\"alignnone size-medium wp-image-4656\" src=\"https:\/\/www.radiolimari.cl\/wp-content\/uploads\/2021\/03\/6.5-LANZAMIENTO-FICHA-FIBE-H\u00cdDRICA-3-min-300x225.jpg\" alt=\"6.5 LANZAMIENTO FICHA FIBE H\u00cdDRICA (3)-min\" width=\"300\" height=\"225\" srcset=\"https:\/\/www.radiolimari.cl\/wp-content\/uploads\/2021\/03\/6.5-LANZAMIENTO-FICHA-FIBE-H\u00cdDRICA-3-min-300x225.jpg 300w, https:\/\/www.radiolimari.cl\/wp-content\/uploads\/2021\/03\/6.5-LANZAMIENTO-FICHA-FIBE-H\u00cdDRICA-3-min-1024x768.jpg 1024w\" sizes=\"(max-width: 300px) 100vw, 300px\" \/><\/a><\/p>\n<p><strong>La medida, se enmarca en el Sistema de Informaci\u00f3n Social en Emergencia que apoyar\u00e1 y fortalecer\u00e1 la entrega de ayuda de familias afectadas por una emergencia, desastre o cat\u00e1strofe, que permitir\u00e1 la coordinaci\u00f3n r\u00e1pida de instituciones.<\/strong><!--more--><\/p>\n<p>Hasta la comuna de Ovalle, llegaron la Ministra de Desarrollo Social y Familia, Karla Rubilar junto al Ministro de Obras P\u00fablicas, Alfredo Moreno, el Subsecretario de Servicios Sociales, Sebasti\u00e1n Villarreal junto al Intendente de la Regi\u00f3n de Coquimbo, Pablo Herman y autoridades locales, para dar realizar el lanzamiento a la nueva Ficha B\u00e1sica de Emergencia H\u00eddrica (FIBEH); instrumento que permitir\u00e1 conocer a las familias afectadas por emergencias de d\u00e9ficit h\u00eddrico y gestionar la posterior entrega de agua para consumo humano.<\/p>\n<p>Al respecto, la Ministra de Desarrollo Social y Familia, Karla Rubilar, explic\u00f3: \u201cAqu\u00ed hay un trabajo mancomunado para poder desarrollar una nueva herramienta de protecci\u00f3n social pero ahora pensando en las personas que tienen, lamentablemente, que enfrentarse a este golpe tan duro que es enfrentarse a la escasez h\u00eddrica. Estamos hablando de un bien extremadamente esencial como es el acceso al agua y en este sentido, la ficha que hoy d\u00eda estamos lanzando oficialmente desde Ovalle a Chile entero, que vamos a empezar a aplicar es una nueva herramienta para poder saber, qu\u00e9 est\u00e1 pasando en cada uno de los lugares afectados por emergencias agr\u00edcolas, zonas de cat\u00e1strofe, emergencias h\u00eddricas, etc.\u201d, sostuvo la Ministra de Desarrollo Social y Familia, Karla Rubilar.<\/p>\n<p>La FIBEH est\u00e1 dentro del Sistema de Informaci\u00f3n Social en Emergencia (SISE), que permitir\u00e1 una r\u00e1pida coordinaci\u00f3n entre instituciones para apoyar a las familias que se vean afectadas por una emergencia, desastre o cat\u00e1strofe.<\/p>\n<p>Por su parte, el Ministro de Obras P\u00fablicas, Alfredo Moreno, destac\u00f3 que \u201ctenemos que prepararnos para la emergencia con cosas como lo que es esta ficha que se ha explicado, y tambi\u00e9n para la situaci\u00f3n permanente; hay que hacer obras; hay que cambiar nuestra institucionalidad; se constituir\u00e1 el Ministerio de Obras P\u00fablicas y del Agua, que va a permitir coordinar las instituciones del Estado que trabajan con el tema del agua y por otro lado hay que hacer las obras para tener una adaptaci\u00f3n; tenemos que adaptarnos a esta nueva realidad; tenemos que considerar que el agua tiene un valor distinto, que tenemos que cuidarla; que hay que aprender a reusarla, que hay que ser cuidadoso en su uso porque naturalmente hoy d\u00eda es m\u00e1s escasa\u201d.<\/p>\n<p>La nueva Ficha de Emergencia H\u00eddrica (FIBEH) recoge datos como identificaci\u00f3n de la emergencia, datos principales del afectado como direcci\u00f3n, composici\u00f3n del grupo familiar e informaci\u00f3n de la vivienda relacionada al tipo de agua a la que tiene acceso, entre otros.<\/p>\n<p>Sobre este tema, el Subsecretario de Servicios Sociales, Sebasti\u00e1n Villarreal destac\u00f3 que \u201clo que buscamos es conocer la realidad que est\u00e1 enfrentado esa familia ante la escasez de agua y por lo tanto vamos a preguntar la realidad sobre el uso que le est\u00e1n dando, de abastecimiento, de almacenamiento y finalmente con eso, poder determinar las ayudas del Estado que van a llegar. \u00bfCu\u00e1l es el prop\u00f3sito?, es que todas las familias puedan recibir al menos 50 litros por integrante familiar y en la medida que esta ficha se aplica, esto se entrega semanalmente a trav\u00e9s de camiones aljibe y de esta manera, finalmente llegar con herramientas concretas a las familias que est\u00e1n enfrentando a esta grave crisis h\u00eddrica que hoy d\u00eda afecta a tantas regiones del pa\u00eds\u201d.<\/p>\n<p>Este nuevo instrumento le fue aplicado a Ren\u00e9 Guti\u00e9rrez, alba\u00f1il de oficio en Ovalle y que tiene cultivos para consumo familiar en los terrenos de su vivienda, que se han visto perjudicados con la escasez h\u00eddrica. Al respecto, recalc\u00f3 que \u201cyo creo que todos los proyectos que lanza el Gobierno son beneficiosos y los valoramos inmensamente. Esto es un respaldo que tenemos de sobrevivencia porque el agua es fundamental para nuestro desarrollo de vida y que bueno que las autoridades se comprometan con la gente y que no nos veamos abandonados, entonces esto es muy bueno, muy lindo, muy importante para nosotros\u201d.<\/p>\n<p>Asimismo, el Alcalde de Ovalle, Claudio Renter\u00eda, apunt\u00f3 que \u201ccreo que est\u00e1 la gran virtud del Gobierno de Chile, de buscar soluciones a los problemas que se van a plantear en el transcurso del tiempo, y creo que esta es una soluci\u00f3n al problema que podamos tener mayor cantidad de suministro delo que es el agua, elemento vital para la vida del ser humano. Nosotros tenemos un 30% de la poblaci\u00f3n de la comuna que est\u00e1 albergada a la situaci\u00f3n rural y creo que lo m\u00e1s importante es el tema de los crianceros, la parte costera y este lugar como es Panulcillo y todos los lugares que no tienen agua de parte de los suministros que entrega el tranque la Paloma, Recoleta y Cogot\u00ed\u201d.<\/p>\n<p>Este instrumento permite recoger informaci\u00f3n para atender necesidades h\u00eddricas de manera m\u00e1s espec\u00edfica, sin la necesidad de indagar en afectaci\u00f3n a las viviendas y enseres como lo hace la FIBE actual.<\/p>\n<p>La situaci\u00f3n h\u00eddrica en la Regi\u00f3n de Coquimbo implica focalizar el recurso generando disponibilidad para el uso de las familias afectadas por la escasez, especialmente en el mundo rural, que se ha visto golpeado con este escenario.<\/p>\n<p>&nbsp;<\/p>\n","protected":false},"excerpt":{"rendered":"<p>La medida, se enmarca en el Sistema de Informaci\u00f3n Social en Emergencia que apoyar\u00e1 y fortalecer\u00e1 la entrega de ayuda de familias afectadas por una emergencia, desastre o cat\u00e1strofe, que permitir\u00e1 la coordinaci\u00f3n r\u00e1pida de instituciones.<\/p>\n","protected":false},"author":2,"featured_media":4656,"comment_status":"open","ping_status":"open","sticky":false,"template":"","format":"standard","meta":{"footnotes":""},"categories":[5],"tags":[],"class_list":["post-4655","post","type-post","status-publish","format-standard","has-post-thumbnail","hentry","category-actualidad-limarina"],"_links":{"self":[{"href":"https:\/\/www.radiolimari.cl\/index.php?rest_route=\/wp\/v2\/posts\/4655","targetHints":{"allow":["GET"]}}],"collection":[{"href":"https:\/\/www.radiolimari.cl\/index.php?rest_route=\/wp\/v2\/posts"}],"about":[{"href":"https:\/\/www.radiolimari.cl\/index.php?rest_route=\/wp\/v2\/types\/post"}],"author":[{"embeddable":true,"href":"https:\/\/www.radiolimari.cl\/index.php?rest_route=\/wp\/v2\/users\/2"}],"replies":[{"embeddable":true,"href":"https:\/\/www.radiolimari.cl\/index.php?rest_route=%2Fwp%2Fv2%2Fcomments&post=4655"}],"version-history":[{"count":1,"href":"https:\/\/www.radiolimari.cl\/index.php?rest_route=\/wp\/v2\/posts\/4655\/revisions"}],"predecessor-version":[{"id":4657,"href":"https:\/\/www.radiolimari.cl\/index.php?rest_route=\/wp\/v2\/posts\/4655\/revisions\/4657"}],"wp:featuredmedia":[{"embeddable":true,"href":"https:\/\/www.radiolimari.cl\/index.php?rest_route=\/wp\/v2\/media\/4656"}],"wp:attachment":[{"href":"https:\/\/www.radiolimari.cl\/index.php?rest_route=%2Fwp%2Fv2%2Fmedia&parent=4655"}],"wp:term":[{"taxonomy":"category","embeddable":true,"href":"https:\/\/www.radiolimari.cl\/index.php?rest_route=%2Fwp%2Fv2%2Fcategories&post=4655"},{"taxonomy":"post_tag","embeddable":true,"href":"https:\/\/www.radiolimari.cl\/index.php?rest_route=%2Fwp%2Fv2%2Ftags&post=4655"}],"curies":[{"name":"wp","href":"https:\/\/api.w.org\/{rel}","templated":true}]}}