{"id":4652,"date":"2021-03-05T16:55:21","date_gmt":"2021-03-05T16:55:21","guid":{"rendered":"http:\/\/www.radiolimari.cl\/?p=4652"},"modified":"2021-03-05T16:55:21","modified_gmt":"2021-03-05T16:55:21","slug":"mas-de-7-mil-familias-de-limari-recibiran-el-aporte-familiar-permanente-en-la-2a-nomina-de-pago","status":"publish","type":"post","link":"https:\/\/www.radiolimari.cl\/?p=4652","title":{"rendered":"M\u00e1s de 7 mil familias de Limar\u00ed recibir\u00e1n el Aporte Familiar Permanente en la 2\u00aa n\u00f3mina de pago"},"content":{"rendered":"<p><a href=\"https:\/\/www.radiolimari.cl\/wp-content\/uploads\/2021\/03\/5.3-ips.jpeg\"><img decoding=\"async\" class=\"alignnone size-medium wp-image-4653\" src=\"https:\/\/www.radiolimari.cl\/wp-content\/uploads\/2021\/03\/5.3-ips-300x138.jpeg\" alt=\"5.3 ips\" width=\"300\" height=\"138\" srcset=\"https:\/\/www.radiolimari.cl\/wp-content\/uploads\/2021\/03\/5.3-ips-300x138.jpeg 300w, https:\/\/www.radiolimari.cl\/wp-content\/uploads\/2021\/03\/5.3-ips-1024x472.jpeg 1024w, https:\/\/www.radiolimari.cl\/wp-content\/uploads\/2021\/03\/5.3-ips.jpeg 1280w\" sizes=\"(max-width: 300px) 100vw, 300px\" \/><\/a><\/p>\n<ul>\n<li>El monto del ex Bono Marzo para este 2021 es de $49.184 por carga o familia y se paga en 3 grupos. As\u00ed lo informaron autoridades en la visita a un beneficiario en la localidad de El Espinal de Chalinga.<\/li>\n<\/ul>\n<p><!--more--><\/p>\n<p>Desde este <strong>1 de marzo y hasta el d\u00eda 14<\/strong>, recibir\u00e1n el pago de su Aporte Familiar Permanente (ex Bono Marzo) <strong>todas aquellas personas que<\/strong> pertenezcan al <strong>segundo grupo de beneficiarios<\/strong>. Esto corresponde principalmente a personas que, durante ese per\u00edodo, reciben pagos por Subsidio Familiar, Chile Solidario o por el Subsistema de Seguridades y Oportunidades (Ingreso \u00c9tico Familiar). Adem\u00e1s durante todo el mes de marzo se pagar\u00e1 a los pensionados del Instituto de Previsi\u00f3n Social (IPS) con cargas familiares.<\/p>\n<p>As\u00ed lo inform\u00f3 en la localidad de El Espinal de Chalinga, el Seremi Del Trabajo, Mat\u00edas Villalobos, durante la visita que realiz\u00f3 junto al Director Regional del IPS, Rodrigo Martino, \u00a0al hogar de don Nanticio Alvarado, pensionado del IPS. \u201cHoy decidimos visitar el hogar de don Nanticio para hacerle entrega de su Aporte Familiar Permanente en el marco del pago de la segunda n\u00f3mina que se comenz\u00f3 a pagar hoy 1 de marzo y hasta el 14 de marzo. Este a\u00f1o recordemos que ya se pag\u00f3 la 1\u00aa n\u00f3mina durante la segunda quincena de febrero pues nuestro presidente Sebasti\u00e1n Pi\u00f1era pens\u00f3 que era muy necesario pagarlo antes de marzo para que as\u00ed la gente pueda usar este dinero, entre otras cosas, para enfrentar los gastos propios de este mes\u201d, explic\u00f3 la autoridad.<\/p>\n<p>Respecto a las cifras, Villalobos destac\u00f3 que \u201cen Limar\u00ed, esta segunda n\u00f3mina beneficiar\u00e1 a m\u00e1s de 7 mil familias con el pago de m\u00e1s de 16 mil aportes\u00a0 y una inversi\u00f3n del orden de los $800 millones, una cifra bastante importante que se suma a las m\u00e1s de 4 mil familias beneficiadas con la primera n\u00f3mina que se pag\u00f3 durante la segunda quincena de febrero. Ya durante la primera n\u00f3mina de pago se benefici\u00f3 a m\u00e1s de 4 mil familias\u201d.<\/p>\n<p>Por su parte, don Nanticio Alvarado, criancero de 69 a\u00f1os, agradeci\u00f3 la visita de las autoridades y valor\u00f3 la entrega de este beneficio de cara a este tercer mes del a\u00f1o donde los gastos aumentan de manera considerable. \u201cEsta platita es muy bien recibida, hace rato estaba averiguando cuando me tocaba el pago y por suerte hoy pude recibir mi plata que significa un dinero extra para este mes de muchos gastos, m\u00e1s a\u00fan teniendo en cuenta que yo soy criancero y la cosa no est\u00e1 muy buena. Adem\u00e1s no tuve que ir a pagarme a otro lugar y eso se agradece porque con el tema de la pandemia, con mi esposa pr\u00e1cticamente no salimos a ning\u00fan lado\u201d, expres\u00f3.<\/p>\n<p>Respecto a qui\u00e9nes son beneficiarios del ex Bono Marzo, el Director Regional del IPS, Rodrigo Martino, indic\u00f3 que \u201ceste aporte beneficiar\u00e1 a personas con Subsidio Familiar con sus cargas familiares actualizadas a diciembre de 2020 (un aporte por causante); quienes perciben Asignaci\u00f3n Familiar o Maternal, con sus cargas actualizadas a diciembre de 2020 (un aporte por carga); y aquellas familias pertenecientes al Subsistema de Seguridades y Oportunidades (Ingreso \u00c9tico Familiar) o Chile Solidario, que eran beneficiarias de esos sistemas al 31 de diciembre de 2020. Ellos reciben un aporte por familia\u201d.<br \/>\n<strong><br \/>\nTercer grupo<\/strong><\/p>\n<p>Tambi\u00e9n es importante considerar que existe un <strong>tercer grupo<\/strong> de beneficiarios, correspondientes a trabajadores y trabajadoras con cargas familiares, que recibir\u00e1n su pago desde el 15 de marzo en adelante. Para ello, a partir de esa fecha deber\u00e1n consultar en <a href=\"http:\/\/www.aportefamiliar.cl\">www.aportefamiliar.cl<\/a>, donde se les indicar\u00e1 su fecha y lugar de pago.<\/p>\n<p>En el caso de las personas que tienen Cuenta RUT de BancoEstado, se les har\u00e1 un dep\u00f3sito en su cuenta, sin necesidad de ning\u00fan tr\u00e1mite adicional.<\/p>\n<p>Para m\u00e1s informaci\u00f3n puedan llamar al call center 101 o al 600 440 00 40.<\/p>\n<p>&nbsp;<\/p>\n<p><strong>\u00a0<\/strong><\/p>\n","protected":false},"excerpt":{"rendered":"<p>El monto del ex Bono Marzo para este 2021 es de $49.184 por carga o familia y se paga en 3 grupos. As\u00ed lo informaron autoridades en la visita a un beneficiario en la localidad de El Espinal de Chalinga.<\/p>\n","protected":false},"author":2,"featured_media":4653,"comment_status":"open","ping_status":"open","sticky":false,"template":"","format":"standard","meta":{"footnotes":""},"categories":[3],"tags":[],"class_list":["post-4652","post","type-post","status-publish","format-standard","has-post-thumbnail","hentry","category-actualidad"],"_links":{"self":[{"href":"https:\/\/www.radiolimari.cl\/index.php?rest_route=\/wp\/v2\/posts\/4652","targetHints":{"allow":["GET"]}}],"collection":[{"href":"https:\/\/www.radiolimari.cl\/index.php?rest_route=\/wp\/v2\/posts"}],"about":[{"href":"https:\/\/www.radiolimari.cl\/index.php?rest_route=\/wp\/v2\/types\/post"}],"author":[{"embeddable":true,"href":"https:\/\/www.radiolimari.cl\/index.php?rest_route=\/wp\/v2\/users\/2"}],"replies":[{"embeddable":true,"href":"https:\/\/www.radiolimari.cl\/index.php?rest_route=%2Fwp%2Fv2%2Fcomments&post=4652"}],"version-history":[{"count":1,"href":"https:\/\/www.radiolimari.cl\/index.php?rest_route=\/wp\/v2\/posts\/4652\/revisions"}],"predecessor-version":[{"id":4654,"href":"https:\/\/www.radiolimari.cl\/index.php?rest_route=\/wp\/v2\/posts\/4652\/revisions\/4654"}],"wp:featuredmedia":[{"embeddable":true,"href":"https:\/\/www.radiolimari.cl\/index.php?rest_route=\/wp\/v2\/media\/4653"}],"wp:attachment":[{"href":"https:\/\/www.radiolimari.cl\/index.php?rest_route=%2Fwp%2Fv2%2Fmedia&parent=4652"}],"wp:term":[{"taxonomy":"category","embeddable":true,"href":"https:\/\/www.radiolimari.cl\/index.php?rest_route=%2Fwp%2Fv2%2Fcategories&post=4652"},{"taxonomy":"post_tag","embeddable":true,"href":"https:\/\/www.radiolimari.cl\/index.php?rest_route=%2Fwp%2Fv2%2Ftags&post=4652"}],"curies":[{"name":"wp","href":"https:\/\/api.w.org\/{rel}","templated":true}]}}