{"id":4645,"date":"2021-03-04T19:15:19","date_gmt":"2021-03-04T19:15:19","guid":{"rendered":"http:\/\/www.radiolimari.cl\/?p=4645"},"modified":"2021-03-04T19:15:19","modified_gmt":"2021-03-04T19:15:19","slug":"fortalecimiento-del-pilar-solidario-e-inclusion-de-clase-media-destacan-en-la-reforma-a-las-pensiones-presentada-por-el-presidente-sebastian-pinera","status":"publish","type":"post","link":"https:\/\/www.radiolimari.cl\/?p=4645","title":{"rendered":"Fortalecimiento del Pilar Solidario e inclusi\u00f3n de clase media destacan en la Reforma a las Pensiones presentada por el presidente Sebasti\u00e1n Pi\u00f1era"},"content":{"rendered":"<p><a href=\"https:\/\/www.radiolimari.cl\/wp-content\/uploads\/2021\/03\/4.3-trabajo.jpeg\"><img fetchpriority=\"high\" decoding=\"async\" class=\"alignnone size-medium wp-image-4646\" src=\"https:\/\/www.radiolimari.cl\/wp-content\/uploads\/2021\/03\/4.3-trabajo-300x169.jpeg\" alt=\"4.3 trabajo\" width=\"300\" height=\"169\" srcset=\"https:\/\/www.radiolimari.cl\/wp-content\/uploads\/2021\/03\/4.3-trabajo-300x169.jpeg 300w, https:\/\/www.radiolimari.cl\/wp-content\/uploads\/2021\/03\/4.3-trabajo.jpeg 886w\" sizes=\"(max-width: 300px) 100vw, 300px\" \/><\/a><\/p>\n<ul>\n<li><strong><em>Se aumentar\u00e1 en 6% la cotizaci\u00f3n obligatoria, con cargo al empleador, bajo un nuevo pilar contributivo para incrementar actuales y futuras pensiones.<\/em><\/strong><\/li>\n<\/ul>\n<p><!--more--><\/p>\n<p>Mejores pensiones y mayor cobertura para los actuales pensionados, incremento en el ahorro colectivo, con cargo al empleador, para mejorar las futuras pensiones de jubilados, mujeres y clase media incorporando un componente solidario, son algunos de los ejes de la reforma de pensiones anunciado por el presidente Sebasti\u00e1n Pi\u00f1era la noche de este mi\u00e9rcoles.<\/p>\n<p>Seg\u00fan lo anunciado en la reforma el fortalecimiento del Pilar Solidario permitir\u00e1 la cobertura del 80% de la poblaci\u00f3n incorporando cerca de 150 mil personas a los beneficios de la Pensi\u00f3n B\u00e1sica Solidaria (PBS) y 335 mil nuevos beneficiarios al Aporte Previsional Solidario pertenecientes a la clase media. Adicionalmente se aumenta la PBS a $177.000, para todos los tramos de edad, con el objetivo de que nadie quede bajo la l\u00ednea de pobreza.<\/p>\n<p>Al respecto el intendente regional, Pablo Herman, coment\u00f3 que \u201cel Presidente Pi\u00f1era anunci\u00f3 uno de los cambios m\u00e1s importantes de los \u00faltimos a\u00f1os en materia de pensiones. Se trata de mejoras que van a sentar las bases de un nuevo sistema de previsi\u00f3n social\u201d.<\/p>\n<p>\u00abTenemos que mejorar las pensiones y estos cambios son urgentes y necesarios. Vamos a potenciar el Pilar Solidario, a incorporar a la clase media, a las mujeres. Estas modificaciones apuntan a una reforma mucho mejor y que la necesitamos por el bien de nuestros adultos mayores y todos los trabajadores\u201d, agreg\u00f3 la m\u00e1xima autoridad regional.<\/p>\n<p>La reforma plantea la creaci\u00f3n de un nuevo Pilar Contributivo generando m\u00e1s ahorro para las pensiones del futuro con un aumento gradual de la cotizaci\u00f3n en 6 puntos, con cargo al empleador, la que se destinar\u00e1 en partes iguales a cuentas individuales y a nuevo programa ahorro colectivo.<\/p>\n<p>El nuevo programa de ahorro colectivo permitir\u00e1 aumentar en $79.135 las pensiones de adultos mayores y mujeres pensionadas, que hayan cotizado al menos 8 a\u00f1os, e incrementar\u00e1 las jubilaciones en $58.618 de hombres pensionados cuyas cotizaciones sean de 12 a\u00f1os o m\u00e1s.<\/p>\n<p>En este sentido el Seremi del Trabajo y Previsi\u00f3n Social, Mat\u00edas Villalobos, destac\u00f3 que \u201cla reforma plantea los cambios necesarios para mejorar las pensiones de los trabajadores de clase media y de forma muy especial de las mujeres trabajadoras de nuestro pa\u00eds. Adem\u00e1s, tiene un car\u00e1cter de urgencia lo que permite que una vez aprobada esta reforma inmediatamente los pensionados y pensionadas de nuestro pa\u00eds ver\u00e1n aumentado el monto de sus pensiones\u201d.<\/p>\n<p>La propuesta introducida por el mandatario, adem\u00e1s contempla la creaci\u00f3n de un Subsidio y Seguro de Dependencia Severa que entregar\u00e1 apoyo econ\u00f3mico a los mayores de 65 a\u00f1os que requieren ayuda de un tercero para realizar sus actividades de la vida diaria, entre otras medidas anunciadas.<\/p>\n<p>&nbsp;<\/p>\n<p>&nbsp;<\/p>\n","protected":false},"excerpt":{"rendered":"<p>Se aumentar\u00e1 en 6% la cotizaci\u00f3n obligatoria, con cargo al empleador, bajo un nuevo pilar contributivo para incrementar actuales y futuras pensiones.<\/p>\n","protected":false},"author":2,"featured_media":4646,"comment_status":"open","ping_status":"open","sticky":false,"template":"","format":"standard","meta":{"footnotes":""},"categories":[3],"tags":[],"class_list":["post-4645","post","type-post","status-publish","format-standard","has-post-thumbnail","hentry","category-actualidad"],"_links":{"self":[{"href":"https:\/\/www.radiolimari.cl\/index.php?rest_route=\/wp\/v2\/posts\/4645","targetHints":{"allow":["GET"]}}],"collection":[{"href":"https:\/\/www.radiolimari.cl\/index.php?rest_route=\/wp\/v2\/posts"}],"about":[{"href":"https:\/\/www.radiolimari.cl\/index.php?rest_route=\/wp\/v2\/types\/post"}],"author":[{"embeddable":true,"href":"https:\/\/www.radiolimari.cl\/index.php?rest_route=\/wp\/v2\/users\/2"}],"replies":[{"embeddable":true,"href":"https:\/\/www.radiolimari.cl\/index.php?rest_route=%2Fwp%2Fv2%2Fcomments&post=4645"}],"version-history":[{"count":1,"href":"https:\/\/www.radiolimari.cl\/index.php?rest_route=\/wp\/v2\/posts\/4645\/revisions"}],"predecessor-version":[{"id":4647,"href":"https:\/\/www.radiolimari.cl\/index.php?rest_route=\/wp\/v2\/posts\/4645\/revisions\/4647"}],"wp:featuredmedia":[{"embeddable":true,"href":"https:\/\/www.radiolimari.cl\/index.php?rest_route=\/wp\/v2\/media\/4646"}],"wp:attachment":[{"href":"https:\/\/www.radiolimari.cl\/index.php?rest_route=%2Fwp%2Fv2%2Fmedia&parent=4645"}],"wp:term":[{"taxonomy":"category","embeddable":true,"href":"https:\/\/www.radiolimari.cl\/index.php?rest_route=%2Fwp%2Fv2%2Fcategories&post=4645"},{"taxonomy":"post_tag","embeddable":true,"href":"https:\/\/www.radiolimari.cl\/index.php?rest_route=%2Fwp%2Fv2%2Ftags&post=4645"}],"curies":[{"name":"wp","href":"https:\/\/api.w.org\/{rel}","templated":true}]}}