{"id":4626,"date":"2021-03-01T18:41:13","date_gmt":"2021-03-01T18:41:13","guid":{"rendered":"http:\/\/www.radiolimari.cl\/?p=4626"},"modified":"2021-03-01T18:41:13","modified_gmt":"2021-03-01T18:41:13","slug":"en-ovalle-se-inicio-la-vacunacion-para-profesores-y-trabajadores-de-educacion-menores-de-40-anos","status":"publish","type":"post","link":"https:\/\/www.radiolimari.cl\/?p=4626","title":{"rendered":"En Ovalle se inici\u00f3 la vacunaci\u00f3n para profesores y trabajadores de educaci\u00f3n menores de 40 a\u00f1os"},"content":{"rendered":"<p><a href=\"https:\/\/www.radiolimari.cl\/wp-content\/uploads\/2021\/03\/1.3-Vacunaci\u00f3n-Covid-19.jpg\"><img fetchpriority=\"high\" decoding=\"async\" class=\"alignnone size-medium wp-image-4627\" src=\"https:\/\/www.radiolimari.cl\/wp-content\/uploads\/2021\/03\/1.3-Vacunaci\u00f3n-Covid-19-300x225.jpg\" alt=\"1.3 Vacunaci\u00f3n Covid-19\" width=\"300\" height=\"225\" srcset=\"https:\/\/www.radiolimari.cl\/wp-content\/uploads\/2021\/03\/1.3-Vacunaci\u00f3n-Covid-19-300x225.jpg 300w, https:\/\/www.radiolimari.cl\/wp-content\/uploads\/2021\/03\/1.3-Vacunaci\u00f3n-Covid-19-1024x768.jpg 1024w\" sizes=\"(max-width: 300px) 100vw, 300px\" \/><\/a><\/p>\n<p><strong><em>Durante esta semana tambi\u00e9n se vacunar\u00e1n a personas de entre 60 y 64 a\u00f1os con y sin morbilidad, adem\u00e1s de dializados, trasplantados y quienes est\u00e9n en tratamiento contra el c\u00e1ncer<\/em><\/strong><!--more--><\/p>\n<p>Se inici\u00f3 la quinta semana de vacunaci\u00f3n contra el Covid-19 en Ovalle con la inoculaci\u00f3n de profesores, educadores de p\u00e1rvulos y trabajadores de los establecimientos educacionales, menores de 40 a\u00f1os. Durante esta semana tambi\u00e9n recibir\u00e1n su primera dosis las personas que tienen entre 60 y 64 a\u00f1os con y sin morbilidad, es decir que padezcan o no una enfermedad cr\u00f3nica, adem\u00e1s de los pacientes dializados, quienes se encuentran en tratamiento contra el c\u00e1ncer y los pacientes trasplantados.<\/p>\n<p>Para estos efectos, se encuentra habilitado el Estadio Municipal Diaguita con 25 puntos de vacunaci\u00f3n. Quienes cumplan con los rangos de edad y de funciones pueden acercarse al recinto deportivo y recibir su primera dosis, al igual que quienes, por diversas razones, no hayan podido asistir el d\u00eda en que les correspond\u00eda. Hasta el momento en la capital limarina se han vacunado m\u00e1s de 18 mil personas.<\/p>\n<p>El alcalde Claudio Renter\u00eda sostuvo que si bien se trata de una vacunaci\u00f3n voluntaria \u00abcreo que es muy importante que la mayor parte de la poblaci\u00f3n est\u00e9 protegida con la vacuna, que es la \u00fanica forma que tenemos hasta el momento para evitar los efectos graves del Covid-19. No queremos que m\u00e1s gente se contagie, ni menos que pierdan la vida producto de esta enfermedad\u201d. Adem\u00e1s, la autoridad comunal sostuvo que si bien a medida que pasan las semanas va a aumentado el volumen de la poblaci\u00f3n que debe vacunarse \u201cdesde el primer d\u00eda nosotros estamos preparados al 100% para atender a todos a quienes les corresponda la primera dosis. Tenemos a disposici\u00f3n nuestro personal de salud, quienes han desarrollado un proceso muy efectivo y r\u00e1pido, lo que incluso ha sido valorado por la comodidad, porque no existe ninguna complicaci\u00f3n para recibir la vacuna contra el Covid-19\u201d.<\/p>\n<p>De acuerdo al calendario de vacunaci\u00f3n, a partir de la segunda semana de marzo comienza la aplicaci\u00f3n de las segundas dosis y \u201cestamos preparados para eso, as\u00ed es que no existe ning\u00fan problema para que asistan al Estadio Municipal Diaguita, donde se le tomar\u00e1n los datos personales y la temperatura, luego pasar\u00e1n a un vacunatorio, donde los beneficiarios recibir\u00e1n informaci\u00f3n de parte de los profesionales de la salud, luego se les aplicar\u00e1 la vacuna y deber\u00e1n permanecer 30 minutos en el lugar por si existe alg\u00fan efecto adverso\u201d.<\/p>\n<p>Recordemos, que el municipio destin\u00f3 equipos m\u00e9dicos, tanto en la zona urbana, como rural para atender a los pacientes postrados y sus cuidadores, quienes recibir\u00e1n esta dosis en sus domicilios.<\/p>\n<p>El Estadio Municipal Diaguita se encuentra habilitado como \u00fanico centro de vacunaci\u00f3n en la comuna de Ovalle y est\u00e1 abierto de lunes a viernes de 9.00 a 16.00 horas.<\/p>\n<p>&nbsp;<\/p>\n","protected":false},"excerpt":{"rendered":"<p>Durante esta semana tambi\u00e9n se vacunar\u00e1n a personas de entre 60 y 64 a\u00f1os con y sin morbilidad, adem\u00e1s de dializados, trasplantados y quienes est\u00e9n en tratamiento contra el c\u00e1ncer<\/p>\n","protected":false},"author":2,"featured_media":4627,"comment_status":"open","ping_status":"open","sticky":false,"template":"","format":"standard","meta":{"footnotes":""},"categories":[5],"tags":[],"class_list":["post-4626","post","type-post","status-publish","format-standard","has-post-thumbnail","hentry","category-actualidad-limarina"],"_links":{"self":[{"href":"https:\/\/www.radiolimari.cl\/index.php?rest_route=\/wp\/v2\/posts\/4626","targetHints":{"allow":["GET"]}}],"collection":[{"href":"https:\/\/www.radiolimari.cl\/index.php?rest_route=\/wp\/v2\/posts"}],"about":[{"href":"https:\/\/www.radiolimari.cl\/index.php?rest_route=\/wp\/v2\/types\/post"}],"author":[{"embeddable":true,"href":"https:\/\/www.radiolimari.cl\/index.php?rest_route=\/wp\/v2\/users\/2"}],"replies":[{"embeddable":true,"href":"https:\/\/www.radiolimari.cl\/index.php?rest_route=%2Fwp%2Fv2%2Fcomments&post=4626"}],"version-history":[{"count":1,"href":"https:\/\/www.radiolimari.cl\/index.php?rest_route=\/wp\/v2\/posts\/4626\/revisions"}],"predecessor-version":[{"id":4628,"href":"https:\/\/www.radiolimari.cl\/index.php?rest_route=\/wp\/v2\/posts\/4626\/revisions\/4628"}],"wp:featuredmedia":[{"embeddable":true,"href":"https:\/\/www.radiolimari.cl\/index.php?rest_route=\/wp\/v2\/media\/4627"}],"wp:attachment":[{"href":"https:\/\/www.radiolimari.cl\/index.php?rest_route=%2Fwp%2Fv2%2Fmedia&parent=4626"}],"wp:term":[{"taxonomy":"category","embeddable":true,"href":"https:\/\/www.radiolimari.cl\/index.php?rest_route=%2Fwp%2Fv2%2Fcategories&post=4626"},{"taxonomy":"post_tag","embeddable":true,"href":"https:\/\/www.radiolimari.cl\/index.php?rest_route=%2Fwp%2Fv2%2Ftags&post=4626"}],"curies":[{"name":"wp","href":"https:\/\/api.w.org\/{rel}","templated":true}]}}