{"id":4622,"date":"2021-03-01T18:03:19","date_gmt":"2021-03-01T18:03:19","guid":{"rendered":"http:\/\/www.radiolimari.cl\/?p=4622"},"modified":"2021-03-01T18:03:19","modified_gmt":"2021-03-01T18:03:19","slug":"en-ovalle-villa-los-parrones-cuenta-con-nuevo-espacio-recreativo-gracias-a-inversion-municipal","status":"publish","type":"post","link":"https:\/\/www.radiolimari.cl\/?p=4622","title":{"rendered":"En Ovalle, Villa Los Parrones cuenta con nuevo espacio recreativo gracias a inversi\u00f3n municipal"},"content":{"rendered":"<p><a href=\"https:\/\/www.radiolimari.cl\/wp-content\/uploads\/2021\/03\/1.3-Villa-Los-Parrones.jpg\"><img fetchpriority=\"high\" decoding=\"async\" class=\"alignnone size-medium wp-image-4624\" src=\"https:\/\/www.radiolimari.cl\/wp-content\/uploads\/2021\/03\/1.3-Villa-Los-Parrones-300x199.jpg\" alt=\"1.3 Villa Los Parrones\" width=\"300\" height=\"199\" srcset=\"https:\/\/www.radiolimari.cl\/wp-content\/uploads\/2021\/03\/1.3-Villa-Los-Parrones-300x199.jpg 300w, https:\/\/www.radiolimari.cl\/wp-content\/uploads\/2021\/03\/1.3-Villa-Los-Parrones-1024x682.jpg 1024w, https:\/\/www.radiolimari.cl\/wp-content\/uploads\/2021\/03\/1.3-Villa-Los-Parrones.jpg 2048w\" sizes=\"(max-width: 300px) 100vw, 300px\" \/><\/a><\/p>\n<p><strong><em>Con recursos propios del municipio de Ovalle se habilit\u00f3 una moderna y amplia plaza, a lo que se suma una multicancha para el desarrollo de disciplinas deportivas, tanto para adultos, como ni\u00f1os. <\/em><\/strong><!--more--><\/p>\n<p>Los vecinos de Villa Los Parrones cuentan con un moderno y amplio espacio recreativo. Esta obra se concret\u00f3 gracias a la inversi\u00f3n municipal que alcanz\u00f3 los 124 millones de pesos, que permiti\u00f3 habilitar una moderna plazoleta, con juegos infantiles de primer nivel, m\u00e1quinas de ejercicios, iluminaci\u00f3n LED, nuevo mobiliario urbano, sombreadero y una pileta con juegos de aguas y luces. A esto se sum\u00f3, la construcci\u00f3n de una multicancha para el desarrollo de actividades deportivas tanto para adultos, como ni\u00f1os.<\/p>\n<p>&nbsp;<\/p>\n<p>En la jornada inaugural participaron vecinos y autoridades locales encabezadas por el alcalde Claudio Renter\u00eda e integrantes del Concejo Municipal. Al respecto,\u00a0 la autoridad comunal indic\u00f3 que es \u00abmuy importante que se habiliten estos espacios recreativos. Desde que iniciamos nuestra gesti\u00f3n municipal hemos impulsado la construcci\u00f3n de plazoletas y la recuperaci\u00f3n de espacios con recursos propios del municipio, primero porque mejoran la calidad de vida y el entorno de las familias y tambi\u00e9n porque de esta forma le ganamos estos lugares a la delincuencia y otros flagelos, puesto que est\u00e1n en buenas condiciones e iluminados\u00bb.<\/p>\n<p>&nbsp;<\/p>\n<p>La presidenta de la junta de vecinos de Villa Los Parrones, Carmen Videla se mostr\u00f3 muy contenta, puesto que es \u00abun sue\u00f1o cumplido para nosotros, trabajamos mucho para contar con este espacio para nuestros ni\u00f1os principalmente y estamos orgullosos de que se haya materializado, por lo que estamos muy agradecidos del municipio. Es muy grato ver a las familias ocupando estos lugares y cuid\u00e1ndolos, porque as\u00ed no llegan personas poco gratas a nuestra villa\u201d.<\/p>\n<p>&nbsp;<\/p>\n<p>Desde ahora los vecinos de Villa Los Parrones cuenta con una moderna plaza y una nueva multicancha, que podr\u00e1 ser disfrutada en plenitud por su poblaci\u00f3n, cuando la situaci\u00f3n sanitaria as\u00ed lo permita.<\/p>\n","protected":false},"excerpt":{"rendered":"<p>Con recursos propios del municipio de Ovalle se habilit\u00f3 una moderna y amplia plaza, a lo que se suma una multicancha para el desarrollo de disciplinas deportivas, tanto para adultos, como ni\u00f1os.<\/p>\n","protected":false},"author":2,"featured_media":4623,"comment_status":"open","ping_status":"open","sticky":false,"template":"","format":"standard","meta":{"footnotes":""},"categories":[5],"tags":[],"class_list":["post-4622","post","type-post","status-publish","format-standard","has-post-thumbnail","hentry","category-actualidad-limarina"],"_links":{"self":[{"href":"https:\/\/www.radiolimari.cl\/index.php?rest_route=\/wp\/v2\/posts\/4622","targetHints":{"allow":["GET"]}}],"collection":[{"href":"https:\/\/www.radiolimari.cl\/index.php?rest_route=\/wp\/v2\/posts"}],"about":[{"href":"https:\/\/www.radiolimari.cl\/index.php?rest_route=\/wp\/v2\/types\/post"}],"author":[{"embeddable":true,"href":"https:\/\/www.radiolimari.cl\/index.php?rest_route=\/wp\/v2\/users\/2"}],"replies":[{"embeddable":true,"href":"https:\/\/www.radiolimari.cl\/index.php?rest_route=%2Fwp%2Fv2%2Fcomments&post=4622"}],"version-history":[{"count":1,"href":"https:\/\/www.radiolimari.cl\/index.php?rest_route=\/wp\/v2\/posts\/4622\/revisions"}],"predecessor-version":[{"id":4625,"href":"https:\/\/www.radiolimari.cl\/index.php?rest_route=\/wp\/v2\/posts\/4622\/revisions\/4625"}],"wp:featuredmedia":[{"embeddable":true,"href":"https:\/\/www.radiolimari.cl\/index.php?rest_route=\/wp\/v2\/media\/4623"}],"wp:attachment":[{"href":"https:\/\/www.radiolimari.cl\/index.php?rest_route=%2Fwp%2Fv2%2Fmedia&parent=4622"}],"wp:term":[{"taxonomy":"category","embeddable":true,"href":"https:\/\/www.radiolimari.cl\/index.php?rest_route=%2Fwp%2Fv2%2Fcategories&post=4622"},{"taxonomy":"post_tag","embeddable":true,"href":"https:\/\/www.radiolimari.cl\/index.php?rest_route=%2Fwp%2Fv2%2Ftags&post=4622"}],"curies":[{"name":"wp","href":"https:\/\/api.w.org\/{rel}","templated":true}]}}