{"id":4620,"date":"2021-03-01T17:56:11","date_gmt":"2021-03-01T17:56:11","guid":{"rendered":"http:\/\/www.radiolimari.cl\/?p=4620"},"modified":"2021-03-01T17:56:11","modified_gmt":"2021-03-01T17:56:11","slug":"coronavirus-lunes-1-de-marzo-2-personas-fallecidas-y-181-casos-nuevos-en-la-region-de-coquimbo","status":"publish","type":"post","link":"https:\/\/www.radiolimari.cl\/?p=4620","title":{"rendered":"#CoronaVirus, Lunes 1 de marzo: 2 personas fallecidas y 181 casos nuevos en la Regi\u00f3n de Coquimbo"},"content":{"rendered":"<p><a href=\"https:\/\/www.radiolimari.cl\/wp-content\/uploads\/2021\/02\/NOTICIAS-EN-LIMARI-ULTIMA-HORA-CORONA-VIRUS-20.07.20201.jpg\"><img decoding=\"async\" class=\"alignnone size-medium wp-image-4580\" src=\"https:\/\/www.radiolimari.cl\/wp-content\/uploads\/2021\/02\/NOTICIAS-EN-LIMARI-ULTIMA-HORA-CORONA-VIRUS-20.07.20201-300x150.jpg\" alt=\"NOTICIAS EN LIMARI ULTIMA HORA CORONA VIRUS 20.07.2020\" width=\"300\" height=\"150\" srcset=\"https:\/\/www.radiolimari.cl\/wp-content\/uploads\/2021\/02\/NOTICIAS-EN-LIMARI-ULTIMA-HORA-CORONA-VIRUS-20.07.20201-300x150.jpg 300w, https:\/\/www.radiolimari.cl\/wp-content\/uploads\/2021\/02\/NOTICIAS-EN-LIMARI-ULTIMA-HORA-CORONA-VIRUS-20.07.20201-1024x512.jpg 1024w, https:\/\/www.radiolimari.cl\/wp-content\/uploads\/2021\/02\/NOTICIAS-EN-LIMARI-ULTIMA-HORA-CORONA-VIRUS-20.07.20201.jpg 1148w\" sizes=\"(max-width: 300px) 100vw, 300px\" \/><\/a><\/p>\n<p><strong>En tanto 142 mil dosis de vacunas contra el Covid se han administrado en la regi\u00f3n <\/strong><!--more--><\/p>\n<p>En un nuevo reporte sanitario, las autoridades de Salud destacaron el proceso de inmunizaci\u00f3n contra el Coronavirus, superando a nivel regional las 142 mil dosis de vacunas administradas.<\/p>\n<p>\u201cEsta semana continuaremos con este proceso, inmunizando en los 57 puntos especialmente habilitados, a los siguientes grupos prioritarios: trabajadores de la educaci\u00f3n menores de 40 a\u00f1os, adultos mayores de 60 a 64 a\u00f1os, pacientes dializados, trasplantados, en tratamiento de c\u00e1ncer y con enfermedades autoinmunes\u201d, detall\u00f3 el Seremi de Salud, Alejandro Garc\u00eda.<\/p>\n<p>En total, han sido 142.469 dosis administradas en la regi\u00f3n, con m\u00e1s de 88 mil vacunas para adultos mayores de 65 a\u00f1os.<\/p>\n<p>&nbsp;<\/p>\n<p><strong>Reporte Sanitario<\/strong><\/p>\n<p>En relaci\u00f3n al balance sanitario, se inform\u00f3 el fallecimiento de 2 personas a causa del virus, una de la comuna de Canela y otra de Ovalle. En relaci\u00f3n con el detalle de casos nuevos, se registran 181 casos, 50 de ellos de la comuna de La Serena, 37 de Coquimbo, 2 de Andacollo, 2 de Paihuano, 10 de Vicu\u00f1a, 5 de Illapel, 5 de Canela, 6 de Los Vilos, 9 de Salamanca, 34 de Ovalle, 2 de Combarbal\u00e1, 4 de Monte Patria, 4 de Punitaqui, 3 de otras regiones y 8 sin notificaci\u00f3n en el Sistema Epivigila. \u201cCon esto, llegamos a un total de 21.113 casos acumulados, de los cuales 1.039 se mantienen con contagio activo\u201d, agreg\u00f3 Garc\u00eda.<\/p>\n<p>Respecto a la realidad de los hospitales de la Regi\u00f3n de Coquimbo, la Subdirectora de Gesti\u00f3n Asistencial, Dra. Alejandra \u00c1lvarez se\u00f1al\u00f3 que 253 camas se encuentran disponibles de un total de 1.175, lo que representa un 75% de ocupaci\u00f3n general.<\/p>\n<p>En tanto, sobre los pacientes hospitalizados, la subdirectora inform\u00f3 que 157 est\u00e1n internados producto del Covid: de ellos, 59 se encuentran en las Unidades de Cuidados Intensivos, y 54 est\u00e1n conectados a un ventilador mec\u00e1nico. Asimismo, al referirse a las camas de las unidades de pacientes cr\u00edticos, agreg\u00f3 que \u201choy tenemos 7 camas UCI de una dotaci\u00f3n total de 100 unidades, y 6 camas UTI, de un total de 82\u201d.<\/p>\n<p>Finalmente, sobre el personal de salud afectado por el virus, la Dra. \u00c1lvarez inform\u00f3 que este lunes \u201c23 funcionarios del Servicio de Salud y de nuestros hospitales han dado positivo al virus y 58 se encuentran en cuarentena preventiva, mientras que, en la Atenci\u00f3n Primaria de Salud, 9 trabajadores han dado positivo al virus y 26 est\u00e1n en cuarentena\u201d.<\/p>\n<p>&nbsp;<\/p>\n<p><strong>BALANCE REGI\u00d3N DE COQUIMBO<\/strong><\/p>\n<p><strong>Lunes 01 de Marzo 2021<\/strong><\/p>\n<p>181 casos nuevos<\/p>\n<p>21.113 casos acumulados<\/p>\n<p>1.039 casos activos<\/p>\n<p>408 fallecidos<\/p>\n<p>157 pacientes hospitalizados y 59 en ventilaci\u00f3n mec\u00e1nica<\/p>\n<p>Residencias Sanitarias: 82% de ocupaci\u00f3n<\/p>\n<p>Detalle Casos Nuevos:<\/p>\n<ul>\n<li>50 de La Serena<\/li>\n<li>37 de Coquimbo<\/li>\n<li>02 de Andacollo<\/li>\n<li>02 de Paihuano<\/li>\n<li>10 de Vicu\u00f1a<\/li>\n<li>05 de Illapel<\/li>\n<li>05 de Canela<\/li>\n<li>06 de Los Vilos<\/li>\n<li>09 de Salamanca<\/li>\n<li>34 de Ovalle<\/li>\n<li>02 de Combarbal\u00e1<\/li>\n<li>04 de Monte Patria<\/li>\n<li>04 de Punitaqui<\/li>\n<li>03 de otra regi\u00f3n<\/li>\n<li>08 sin notificaci\u00f3n en el Sistema Epivigila<\/li>\n<\/ul>\n<p>&nbsp;<\/p>\n","protected":false},"excerpt":{"rendered":"<p>En tanto 142 mil dosis de vacunas contra el Covid se han administrado en la regi\u00f3n<\/p>\n","protected":false},"author":2,"featured_media":4580,"comment_status":"open","ping_status":"open","sticky":false,"template":"","format":"standard","meta":{"footnotes":""},"categories":[3],"tags":[],"class_list":["post-4620","post","type-post","status-publish","format-standard","has-post-thumbnail","hentry","category-actualidad"],"_links":{"self":[{"href":"https:\/\/www.radiolimari.cl\/index.php?rest_route=\/wp\/v2\/posts\/4620","targetHints":{"allow":["GET"]}}],"collection":[{"href":"https:\/\/www.radiolimari.cl\/index.php?rest_route=\/wp\/v2\/posts"}],"about":[{"href":"https:\/\/www.radiolimari.cl\/index.php?rest_route=\/wp\/v2\/types\/post"}],"author":[{"embeddable":true,"href":"https:\/\/www.radiolimari.cl\/index.php?rest_route=\/wp\/v2\/users\/2"}],"replies":[{"embeddable":true,"href":"https:\/\/www.radiolimari.cl\/index.php?rest_route=%2Fwp%2Fv2%2Fcomments&post=4620"}],"version-history":[{"count":1,"href":"https:\/\/www.radiolimari.cl\/index.php?rest_route=\/wp\/v2\/posts\/4620\/revisions"}],"predecessor-version":[{"id":4621,"href":"https:\/\/www.radiolimari.cl\/index.php?rest_route=\/wp\/v2\/posts\/4620\/revisions\/4621"}],"wp:featuredmedia":[{"embeddable":true,"href":"https:\/\/www.radiolimari.cl\/index.php?rest_route=\/wp\/v2\/media\/4580"}],"wp:attachment":[{"href":"https:\/\/www.radiolimari.cl\/index.php?rest_route=%2Fwp%2Fv2%2Fmedia&parent=4620"}],"wp:term":[{"taxonomy":"category","embeddable":true,"href":"https:\/\/www.radiolimari.cl\/index.php?rest_route=%2Fwp%2Fv2%2Fcategories&post=4620"},{"taxonomy":"post_tag","embeddable":true,"href":"https:\/\/www.radiolimari.cl\/index.php?rest_route=%2Fwp%2Fv2%2Ftags&post=4620"}],"curies":[{"name":"wp","href":"https:\/\/api.w.org\/{rel}","templated":true}]}}