{"id":4617,"date":"2021-03-01T14:51:30","date_gmt":"2021-03-01T14:51:30","guid":{"rendered":"http:\/\/www.radiolimari.cl\/?p=4617"},"modified":"2021-03-01T14:51:30","modified_gmt":"2021-03-01T14:51:30","slug":"municipio-mejorara-acceso-que-une-a-la-parte-baja-y-alta-de-villa-los-naranjos","status":"publish","type":"post","link":"https:\/\/www.radiolimari.cl\/?p=4617","title":{"rendered":"Municipio mejorar\u00e1 acceso que une a la parte baja y alta de villa Los Naranjos"},"content":{"rendered":"<p><a href=\"https:\/\/www.radiolimari.cl\/wp-content\/uploads\/2021\/03\/1.3-Reparaci\u00f2n-de-escalera-de-villa-Los-Naranjos.jpg\"><img fetchpriority=\"high\" decoding=\"async\" class=\"alignnone size-medium wp-image-4618\" src=\"https:\/\/www.radiolimari.cl\/wp-content\/uploads\/2021\/03\/1.3-Reparaci\u00f2n-de-escalera-de-villa-Los-Naranjos-300x225.jpg\" alt=\"1.3 Reparaci\u00f2n de escalera de villa Los Naranjos\" width=\"300\" height=\"225\" srcset=\"https:\/\/www.radiolimari.cl\/wp-content\/uploads\/2021\/03\/1.3-Reparaci\u00f2n-de-escalera-de-villa-Los-Naranjos-300x225.jpg 300w, https:\/\/www.radiolimari.cl\/wp-content\/uploads\/2021\/03\/1.3-Reparaci\u00f2n-de-escalera-de-villa-Los-Naranjos-1024x768.jpg 1024w\" sizes=\"(max-width: 300px) 100vw, 300px\" \/><\/a><\/p>\n<p><strong><em>La iniciativa financiada con recursos municipales se encuentra en etapa de adjudicaci\u00f3n, por lo que en los pr\u00f3ximos d\u00edas se conocer\u00e1 a la empresa que desarrollar\u00e1 las obras f\u00edsicas. <\/em><\/strong><!--more--><\/p>\n<p>Los vecinos de villa Los Naranjos dejar\u00e1n atr\u00e1s los inconvenientes provocados por el mal estado de uno de sus accesos. Se trata del paso peatonal que une a la parte baja con la zona alta del sector residencial, que, actualmente, se encuentra deteriorado y que mantiene preocupados a quienes diariamente transitan por ese lugar.<\/p>\n<p>El alcalde Claudio Renter\u00eda se reuni\u00f3 con un grupo de residentes y les inform\u00f3 que el municipio de Ovalle est\u00e1 trabajando para solucionar de forma definitiva este problema, a trav\u00e9s de un proyecto de mejoramiento. Esta iniciativa ser\u00e1 financiada con recursos municipales que alcanzan los 13 millones 800 mil pesos y consistir\u00e1 en la construcci\u00f3n de una nueva estructura de hormig\u00f3n con escaleras y rampas, con un ancho de dos metros y que tendr\u00e1 una extensi\u00f3n de 147 metros de largo. A esto se agrega la instalaci\u00f3n de barandas, sobretodo por la seguridad de los adultos mayores. \u201cLa idea es entregar una soluci\u00f3n concreta a los vecinos, con el fin de que dejen atr\u00e1s los problemas que trae consigo el mal estado de esta \u00e1rea peatonal. Esta iniciativa municipal se encuentra en etapa de adjudicaci\u00f3n, por lo que en los pr\u00f3ximos d\u00edas definiremos a la empresa que se encargar\u00e1 de llevar a cabo la ejecuci\u00f3n de la obra\u201d indic\u00f3 el alcalde de Ovalle, Claudio Renter\u00eda.<\/p>\n<p>Al respecto, Oscar L\u00f3pez, uno de los vecinos del sector afirm\u00f3 que \u201cquedamos con el compromiso que realiz\u00f3 el alcalde con los vecinos y tenemos la confianza de que se repare lo antes posible esta calzada, para evitar accidentes y permitir un acceso libre de los peatones de la poblaci\u00f3n 21 de mayo, Limar\u00ed, 8 de julio, villa Los Naranjos, que son quienes frecuentemente utilizan esta v\u00eda\u201d. L\u00f3pez agreg\u00f3 que el principal anhelo de los vecinos es que este espacio \u201cen un futuro ojal\u00e1 muy pr\u00f3ximo se convierta en un parque recreacional, en un espacio abierto para la familia y que permita usarlo de mejor manera\u201d.<\/p>\n<p>Este trayecto ya fue intervenido por el municipio local, a trav\u00e9s de la instalaci\u00f3n de luminarias, para darles mayor seguridad a los vecinos.<\/p>\n","protected":false},"excerpt":{"rendered":"<p>La iniciativa financiada con recursos municipales se encuentra en etapa de adjudicaci\u00f3n, por lo que en los pr\u00f3ximos d\u00edas se conocer\u00e1 a la empresa que desarrollar\u00e1 las obras f\u00edsicas.<\/p>\n","protected":false},"author":2,"featured_media":4618,"comment_status":"open","ping_status":"open","sticky":false,"template":"","format":"standard","meta":{"footnotes":""},"categories":[5],"tags":[],"class_list":["post-4617","post","type-post","status-publish","format-standard","has-post-thumbnail","hentry","category-actualidad-limarina"],"_links":{"self":[{"href":"https:\/\/www.radiolimari.cl\/index.php?rest_route=\/wp\/v2\/posts\/4617","targetHints":{"allow":["GET"]}}],"collection":[{"href":"https:\/\/www.radiolimari.cl\/index.php?rest_route=\/wp\/v2\/posts"}],"about":[{"href":"https:\/\/www.radiolimari.cl\/index.php?rest_route=\/wp\/v2\/types\/post"}],"author":[{"embeddable":true,"href":"https:\/\/www.radiolimari.cl\/index.php?rest_route=\/wp\/v2\/users\/2"}],"replies":[{"embeddable":true,"href":"https:\/\/www.radiolimari.cl\/index.php?rest_route=%2Fwp%2Fv2%2Fcomments&post=4617"}],"version-history":[{"count":1,"href":"https:\/\/www.radiolimari.cl\/index.php?rest_route=\/wp\/v2\/posts\/4617\/revisions"}],"predecessor-version":[{"id":4619,"href":"https:\/\/www.radiolimari.cl\/index.php?rest_route=\/wp\/v2\/posts\/4617\/revisions\/4619"}],"wp:featuredmedia":[{"embeddable":true,"href":"https:\/\/www.radiolimari.cl\/index.php?rest_route=\/wp\/v2\/media\/4618"}],"wp:attachment":[{"href":"https:\/\/www.radiolimari.cl\/index.php?rest_route=%2Fwp%2Fv2%2Fmedia&parent=4617"}],"wp:term":[{"taxonomy":"category","embeddable":true,"href":"https:\/\/www.radiolimari.cl\/index.php?rest_route=%2Fwp%2Fv2%2Fcategories&post=4617"},{"taxonomy":"post_tag","embeddable":true,"href":"https:\/\/www.radiolimari.cl\/index.php?rest_route=%2Fwp%2Fv2%2Ftags&post=4617"}],"curies":[{"name":"wp","href":"https:\/\/api.w.org\/{rel}","templated":true}]}}