{"id":4614,"date":"2021-02-25T19:11:35","date_gmt":"2021-02-25T19:11:35","guid":{"rendered":"http:\/\/www.radiolimari.cl\/?p=4614"},"modified":"2021-02-25T19:11:35","modified_gmt":"2021-02-25T19:11:35","slug":"hasta-este-viernes-se-pueden-vacunar-contra-el-covid-19-los-profesores-entre-40-y-59-anos","status":"publish","type":"post","link":"https:\/\/www.radiolimari.cl\/?p=4614","title":{"rendered":"Hasta este viernes se pueden vacunar contra el covid-19 los profesores entre 40 y 59 a\u00f1os"},"content":{"rendered":"<p><a href=\"https:\/\/www.radiolimari.cl\/wp-content\/uploads\/2021\/02\/25.2-Vacunaci\u00f3n-25.jpg\"><img fetchpriority=\"high\" decoding=\"async\" class=\"alignnone size-medium wp-image-4615\" src=\"https:\/\/www.radiolimari.cl\/wp-content\/uploads\/2021\/02\/25.2-Vacunaci\u00f3n-25-300x199.jpg\" alt=\"25.2 Vacunaci\u00f3n 25\" width=\"300\" height=\"199\" srcset=\"https:\/\/www.radiolimari.cl\/wp-content\/uploads\/2021\/02\/25.2-Vacunaci\u00f3n-25-300x199.jpg 300w, https:\/\/www.radiolimari.cl\/wp-content\/uploads\/2021\/02\/25.2-Vacunaci\u00f3n-25-1024x682.jpg 1024w, https:\/\/www.radiolimari.cl\/wp-content\/uploads\/2021\/02\/25.2-Vacunaci\u00f3n-25.jpg 1280w\" sizes=\"(max-width: 300px) 100vw, 300px\" \/><\/a><\/p>\n<p><strong><em>El Estadio Municipal de Ovalle se encuentra habilitado con 25 puntos de atenci\u00f3n para realizar el proceso de vacunaci\u00f3n, de lunes a viernes entre las 9 y las 16 horas. Asimismo, se invita a los profesores y trabajadores de la Educaci\u00f3n menores de 40 a\u00f1os, para que asistan a recibir la primera dosis, a partir del 1 de marzo. <\/em><\/strong><!--more--><\/p>\n<p>Contin\u00faa el proceso de vacunaci\u00f3n contra el Covid-19 en Ovalle y el principal objetivo es ir cubriendo la mayor cantidad de poblaci\u00f3n objetivo, de acuerdo al calendario oficial impulsado por el Gobierno, el cual var\u00eda semana a semana.<\/p>\n<p>Hasta este viernes 26 de febrero podr\u00e1n vacunarse los profesores, educadores de p\u00e1rvulos, asistentes de la educaci\u00f3n y quienes se desempe\u00f1en en distintas funciones en los establecimientos educacionales, tanto municipales, como particulares subvencionados y particulares que tengan entre 40 y 59 a\u00f1os. A estos se suma, el personal de jardines infantiles de la JUNJI, Integra y recintos de educaci\u00f3n parvularia particulares. Asimismo, durante esta misma jornada se vacunar\u00e1n a todos quienes, por diversas razones, no hayan podido asistir el d\u00eda que le correspond\u00eda.<\/p>\n<p>Para estos efectos, se encuentra habilitado el Estadio Municipal Diaguita con 25 puntos de inoculaci\u00f3n, con el fin de que sea un proceso r\u00e1pido y expedito para la comunidad local. Las personas llegan al recinto de avenida La Chimba, se les asigna un n\u00famero, luego pasan a un vacunatorio donde se les administra la primera dosis y posteriormente se le entrega un carnet, el cual deber\u00e1n presentar para recibir la segunda dosis y de esta forma cerrar el proceso de protecci\u00f3n contra el Covid-19.<\/p>\n<p>Recordemos, que durante la semana entre el 1 y el 5 de marzo se vacunar\u00e1 a las personas de entre 60 y 64 a\u00f1os con y sin morbilidad y continuar\u00e1 la inoculaci\u00f3n de profesores y trabajadores de educaci\u00f3n.<\/p>\n<p><strong>\u00a0<\/strong><\/p>\n","protected":false},"excerpt":{"rendered":"<p>El Estadio Municipal de Ovalle se encuentra habilitado con 25 puntos de atenci\u00f3n para realizar el proceso de vacunaci\u00f3n, de lunes a viernes entre las 9 y las 16 horas. Asimismo, se invita a los profesores y trabajadores de la Educaci\u00f3n menores de 40 a\u00f1os, para que asistan a recibir la primera dosis, a partir &#8230;<\/p>\n","protected":false},"author":2,"featured_media":4615,"comment_status":"open","ping_status":"open","sticky":false,"template":"","format":"standard","meta":{"footnotes":""},"categories":[5],"tags":[],"class_list":["post-4614","post","type-post","status-publish","format-standard","has-post-thumbnail","hentry","category-actualidad-limarina"],"_links":{"self":[{"href":"https:\/\/www.radiolimari.cl\/index.php?rest_route=\/wp\/v2\/posts\/4614","targetHints":{"allow":["GET"]}}],"collection":[{"href":"https:\/\/www.radiolimari.cl\/index.php?rest_route=\/wp\/v2\/posts"}],"about":[{"href":"https:\/\/www.radiolimari.cl\/index.php?rest_route=\/wp\/v2\/types\/post"}],"author":[{"embeddable":true,"href":"https:\/\/www.radiolimari.cl\/index.php?rest_route=\/wp\/v2\/users\/2"}],"replies":[{"embeddable":true,"href":"https:\/\/www.radiolimari.cl\/index.php?rest_route=%2Fwp%2Fv2%2Fcomments&post=4614"}],"version-history":[{"count":1,"href":"https:\/\/www.radiolimari.cl\/index.php?rest_route=\/wp\/v2\/posts\/4614\/revisions"}],"predecessor-version":[{"id":4616,"href":"https:\/\/www.radiolimari.cl\/index.php?rest_route=\/wp\/v2\/posts\/4614\/revisions\/4616"}],"wp:featuredmedia":[{"embeddable":true,"href":"https:\/\/www.radiolimari.cl\/index.php?rest_route=\/wp\/v2\/media\/4615"}],"wp:attachment":[{"href":"https:\/\/www.radiolimari.cl\/index.php?rest_route=%2Fwp%2Fv2%2Fmedia&parent=4614"}],"wp:term":[{"taxonomy":"category","embeddable":true,"href":"https:\/\/www.radiolimari.cl\/index.php?rest_route=%2Fwp%2Fv2%2Fcategories&post=4614"},{"taxonomy":"post_tag","embeddable":true,"href":"https:\/\/www.radiolimari.cl\/index.php?rest_route=%2Fwp%2Fv2%2Ftags&post=4614"}],"curies":[{"name":"wp","href":"https:\/\/api.w.org\/{rel}","templated":true}]}}