{"id":4611,"date":"2021-02-25T19:05:39","date_gmt":"2021-02-25T19:05:39","guid":{"rendered":"http:\/\/www.radiolimari.cl\/?p=4611"},"modified":"2021-02-25T19:05:39","modified_gmt":"2021-02-25T19:05:39","slug":"inician-operativos-de-podas-de-palmeras-en-ovalle","status":"publish","type":"post","link":"https:\/\/www.radiolimari.cl\/?p=4611","title":{"rendered":"Inician operativos de podas de palmeras en Ovalle"},"content":{"rendered":"<p><a href=\"https:\/\/www.radiolimari.cl\/wp-content\/uploads\/2021\/02\/25.2-Poda-de-\u00e1rboles-2.jpg\"><img fetchpriority=\"high\" decoding=\"async\" class=\"alignnone size-medium wp-image-4612\" src=\"https:\/\/www.radiolimari.cl\/wp-content\/uploads\/2021\/02\/25.2-Poda-de-\u00e1rboles-2-300x225.jpg\" alt=\"25.2 Poda de \u00e1rboles 2\" width=\"300\" height=\"225\" srcset=\"https:\/\/www.radiolimari.cl\/wp-content\/uploads\/2021\/02\/25.2-Poda-de-\u00e1rboles-2-300x225.jpg 300w, https:\/\/www.radiolimari.cl\/wp-content\/uploads\/2021\/02\/25.2-Poda-de-\u00e1rboles-2-1024x768.jpg 1024w\" sizes=\"(max-width: 300px) 100vw, 300px\" \/><\/a><\/p>\n<p><strong><em>Estas labores comenzaron en la parte alta de la ciudad y continuar\u00e1 con la intervenci\u00f3n de la alameda y la plaza de armas, durante la primera semana de marzo, en jornada diurna y nocturna, respectivamente. <\/em><\/strong><!--more--><\/p>\n<p>Se inici\u00f3 el proceso de poda de palmeras en Ovalle. Esta intervenci\u00f3n ser\u00e1 realizada por el municipio local en conjunto con personal de la empresa Paisajismo Cordillera, a trav\u00e9s de equipos hidro elevadores, iniciativa que se extender\u00e1, en primera instancia, hasta la primera semana de marzo.<\/p>\n<p>Estos operativos partieron en la parte alta de la capital limarina, espec\u00edficamente en la poblaci\u00f3n Jos\u00e9 Tom\u00e1s Ovalle y continuar\u00e1n la pr\u00f3xima semana en toda la extensi\u00f3n de la alameda en jornada diurna y en la plaza de armas en jornada nocturna, \u201ccon el objetivo de hermosear estos lugares y realizar el cuidado de estos ejemplares tan caracter\u00edsticos del centro de la ciudad\u201d sostuvo el encargado del departamento de Aseo y Ornato, Marcelo Tabilo.<\/p>\n<p>Al respecto, el alcalde de Ovalle, Claudio Renter\u00eda afirm\u00f3 que \u201ces importante que realicemos estas intervenciones, porque nos permite hacer un mantenimiento\u00a0 y cuidado de nuestras palmeras y a la vez por razones de seguridad, porque podemos verificar si alg\u00fan ejemplar est\u00e1 en mal estado y as\u00ed podemos evitar que algunas de sus partes se desprenda\u201d.<\/p>\n<p>El personal del departamento de Aseo y Ornato del municipio de Ovalle inform\u00f3 que est\u00e1 considerado intervenir las palmeras, de las diversas \u00e1reas verdes de la ciudad, que requieran este servicio y cuya altura sea superior a 8 metros.<\/p>\n<p>&nbsp;<\/p>\n","protected":false},"excerpt":{"rendered":"<p>Estas labores comenzaron en la parte alta de la ciudad y continuar\u00e1 con la intervenci\u00f3n de la alameda y la plaza de armas, durante la primera semana de marzo, en jornada diurna y nocturna, respectivamente.<\/p>\n","protected":false},"author":2,"featured_media":4612,"comment_status":"open","ping_status":"open","sticky":false,"template":"","format":"standard","meta":{"footnotes":""},"categories":[3],"tags":[],"class_list":["post-4611","post","type-post","status-publish","format-standard","has-post-thumbnail","hentry","category-actualidad"],"_links":{"self":[{"href":"https:\/\/www.radiolimari.cl\/index.php?rest_route=\/wp\/v2\/posts\/4611","targetHints":{"allow":["GET"]}}],"collection":[{"href":"https:\/\/www.radiolimari.cl\/index.php?rest_route=\/wp\/v2\/posts"}],"about":[{"href":"https:\/\/www.radiolimari.cl\/index.php?rest_route=\/wp\/v2\/types\/post"}],"author":[{"embeddable":true,"href":"https:\/\/www.radiolimari.cl\/index.php?rest_route=\/wp\/v2\/users\/2"}],"replies":[{"embeddable":true,"href":"https:\/\/www.radiolimari.cl\/index.php?rest_route=%2Fwp%2Fv2%2Fcomments&post=4611"}],"version-history":[{"count":1,"href":"https:\/\/www.radiolimari.cl\/index.php?rest_route=\/wp\/v2\/posts\/4611\/revisions"}],"predecessor-version":[{"id":4613,"href":"https:\/\/www.radiolimari.cl\/index.php?rest_route=\/wp\/v2\/posts\/4611\/revisions\/4613"}],"wp:featuredmedia":[{"embeddable":true,"href":"https:\/\/www.radiolimari.cl\/index.php?rest_route=\/wp\/v2\/media\/4612"}],"wp:attachment":[{"href":"https:\/\/www.radiolimari.cl\/index.php?rest_route=%2Fwp%2Fv2%2Fmedia&parent=4611"}],"wp:term":[{"taxonomy":"category","embeddable":true,"href":"https:\/\/www.radiolimari.cl\/index.php?rest_route=%2Fwp%2Fv2%2Fcategories&post=4611"},{"taxonomy":"post_tag","embeddable":true,"href":"https:\/\/www.radiolimari.cl\/index.php?rest_route=%2Fwp%2Fv2%2Ftags&post=4611"}],"curies":[{"name":"wp","href":"https:\/\/api.w.org\/{rel}","templated":true}]}}