{"id":4608,"date":"2021-02-25T15:54:29","date_gmt":"2021-02-25T15:54:29","guid":{"rendered":"http:\/\/www.radiolimari.cl\/?p=4608"},"modified":"2021-02-25T15:54:29","modified_gmt":"2021-02-25T15:54:29","slug":"corfo-abre-nuevo-programa-de-apoyo-para-las-industrias-creativas-de-la-region-de-coquimbo","status":"publish","type":"post","link":"https:\/\/www.radiolimari.cl\/?p=4608","title":{"rendered":"CORFO abre nuevo programa de apoyo para las industrias creativas de la regi\u00f3n de Coquimbo"},"content":{"rendered":"<p><a href=\"https:\/\/www.radiolimari.cl\/wp-content\/uploads\/2021\/02\/25.2-cultura.jpg\"><img fetchpriority=\"high\" decoding=\"async\" class=\"alignnone size-medium wp-image-4609\" src=\"https:\/\/www.radiolimari.cl\/wp-content\/uploads\/2021\/02\/25.2-cultura-300x199.jpg\" alt=\"25.2 cultura\" width=\"300\" height=\"199\" srcset=\"https:\/\/www.radiolimari.cl\/wp-content\/uploads\/2021\/02\/25.2-cultura-300x199.jpg 300w, https:\/\/www.radiolimari.cl\/wp-content\/uploads\/2021\/02\/25.2-cultura-1024x682.jpg 1024w, https:\/\/www.radiolimari.cl\/wp-content\/uploads\/2021\/02\/25.2-cultura.jpg 2000w\" sizes=\"(max-width: 300px) 100vw, 300px\" \/><\/a><\/p>\n<ul>\n<li><em>Se trata del Programa PAR \u201cImpulsa Industrias Creativas\u201d, convocatoria que ir\u00e1 en apoyo para la reactivaci\u00f3n y recuperaci\u00f3n de este sector que ha sido golpeado por la crisis sanitaria.<\/em><\/li>\n<\/ul>\n<p><!--more--><\/p>\n<p>Corfo abri\u00f3 el Programa de Apoyo a la Reactivaci\u00f3n (PAR) \u201cImpulsa Industrias Creativas 2021, el que contempla un fondo de $200 millones para ir en apoyo de las micro y peque\u00f1as empresas del sector creativo de la Regi\u00f3n de Coquimbo.<\/p>\n<p>El sector de las industrias creativas ha sido fuertemente golpeado por la crisis sanitaria provocada por el Covid-19. Esta industria destaca por su aporte a las econom\u00edas locales, al fortalecimiento del capital humano avanzado, y por su contribuci\u00f3n a la diversificaci\u00f3n de la matriz productiva del pa\u00eds, entre otros atributos, alz\u00e1ndose como un sector de gran potencial de la econom\u00eda regional.<\/p>\n<p>\u201cBuscamos apoyar a empresas del sector de Industrias Creativas de la regi\u00f3n, en la reactivaci\u00f3n de su actividad, recuperando y\/o mejorando su potencial productivo y su gesti\u00f3n, en el marco de la coyuntura social, econ\u00f3mica y sanitaria, a trav\u00e9s del otorgamiento de un cofinanciamiento de entre 3 a 5 millones de pesos para planes de trabajo de inversi\u00f3n y\/o capital de trabajo\u201d se\u00f1al\u00f3 Gregorio Rodr\u00edguez, director regional de Corfo.<\/p>\n<p>Por su parte, el seremi de las Culturas, las Artes y el Patrimonio, Francisco Varas, valor\u00f3 la entrega de estos recursos, debido a que \u201cel sector de las culturas y las artes ha sido uno de los m\u00e1s afectados por la pandemia, y este apoyo representa una gran oportunidad para que las industrias creativas del rubro puedan lograr la tan anhelada reactivaci\u00f3n. Invitamos a nuestros creadores locales de la m\u00fasica, teatro, circo, fotograf\u00eda, artesan\u00eda y el mundo audiovisual a informarse y postular a este importante fondo\u201d.<\/p>\n<p>En tanto, el seremi de Econom\u00eda, Fomento y Turismo, Carlos Lillo, a\u00f1adi\u00f3 que \u201cesperamos que este programa logre aliviar parte del da\u00f1o que ha generado la pandemia en una industria tan relevante para nuestra regi\u00f3n, como es la creativa, dado su aporte en la cultura, informaci\u00f3n y entretenci\u00f3n de miles de personas. Cerca de 150 micro y peque\u00f1as empresas regionales podr\u00edan verse directamente beneficiadas con este apoyo\u201d.<\/p>\n<p>Las postulaciones deber\u00e1n ser iniciativas individuales, de micro, peque\u00f1as y medianas empresas que desarrollen actividades vinculadas al rubro de las industrias creativas en la regi\u00f3n de Coquimbo.<\/p>\n<p>Los beneficiarios de este nuevo programa deben ser contribuyentes con inicio de actividades en 1\u00b0 categor\u00eda, en rubros relacionados con el sector de las Industrias Creativas, quienes podr\u00e1n optar a los siguientes financiamientos:<\/p>\n<p>&#8211;\u00a0\u00a0\u00a0\u00a0\u00a0\u00a0\u00a0\u00a0\u00a0 Hasta un 70% del costo total del proyecto, con un tope de $3.000.000 de subsidio, para quienes registren ventas netas anuales hasta 25.000 Unidades de Fomento.<\/p>\n<p>&#8211;\u00a0\u00a0\u00a0\u00a0\u00a0\u00a0\u00a0\u00a0\u00a0 Hasta un 60% del costo total del proyecto, con un tope de $4.000.000 de subsidio, a los contribuyentes que registren ventas netas anuales superiores a 25.000 Unidades de Fomento e inferiores a 50.000 Unidades de Fomento.<\/p>\n<p>&#8211;\u00a0\u00a0\u00a0\u00a0\u00a0\u00a0\u00a0\u00a0\u00a0 Y hasta un 50% del costo total del proyecto, con un tope de $5.000.000, para los contribuyentes con ventas entre las 50.000 y 100.000 Unidades de Fomento de ventas.<\/p>\n<p>El plazo de ejecuci\u00f3n de un proyecto ser\u00e1 de hasta cuatro meses, prorrogables hasta por dos meses m\u00e1s.<\/p>\n<p>M\u00e1s informaci\u00f3n sobre la convocatoria, bases y postulaciones est\u00e1 disponibles en <a href=\"http:\/\/www.corfo.cl\">www.corfo.cl<\/a>.<\/p>\n<p>Consultas Corfo Regi\u00f3n de Coquimbo, ejecutivo Diego L\u00f3pez, al correo\u00a0 <a href=\"mailto:dlopez@corfo.cl\">dlopez@corfo.cl<\/a>.<\/p>\n<p>&nbsp;<\/p>\n<p>&nbsp;<\/p>\n","protected":false},"excerpt":{"rendered":"<p>Se trata del Programa PAR \u201cImpulsa Industrias Creativas\u201d, convocatoria que ir\u00e1 en apoyo para la reactivaci\u00f3n y recuperaci\u00f3n de este sector que ha sido golpeado por la crisis sanitaria.<\/p>\n","protected":false},"author":2,"featured_media":4609,"comment_status":"open","ping_status":"open","sticky":false,"template":"","format":"standard","meta":{"footnotes":""},"categories":[6],"tags":[],"class_list":["post-4608","post","type-post","status-publish","format-standard","has-post-thumbnail","hentry","category-regionales"],"_links":{"self":[{"href":"https:\/\/www.radiolimari.cl\/index.php?rest_route=\/wp\/v2\/posts\/4608","targetHints":{"allow":["GET"]}}],"collection":[{"href":"https:\/\/www.radiolimari.cl\/index.php?rest_route=\/wp\/v2\/posts"}],"about":[{"href":"https:\/\/www.radiolimari.cl\/index.php?rest_route=\/wp\/v2\/types\/post"}],"author":[{"embeddable":true,"href":"https:\/\/www.radiolimari.cl\/index.php?rest_route=\/wp\/v2\/users\/2"}],"replies":[{"embeddable":true,"href":"https:\/\/www.radiolimari.cl\/index.php?rest_route=%2Fwp%2Fv2%2Fcomments&post=4608"}],"version-history":[{"count":1,"href":"https:\/\/www.radiolimari.cl\/index.php?rest_route=\/wp\/v2\/posts\/4608\/revisions"}],"predecessor-version":[{"id":4610,"href":"https:\/\/www.radiolimari.cl\/index.php?rest_route=\/wp\/v2\/posts\/4608\/revisions\/4610"}],"wp:featuredmedia":[{"embeddable":true,"href":"https:\/\/www.radiolimari.cl\/index.php?rest_route=\/wp\/v2\/media\/4609"}],"wp:attachment":[{"href":"https:\/\/www.radiolimari.cl\/index.php?rest_route=%2Fwp%2Fv2%2Fmedia&parent=4608"}],"wp:term":[{"taxonomy":"category","embeddable":true,"href":"https:\/\/www.radiolimari.cl\/index.php?rest_route=%2Fwp%2Fv2%2Fcategories&post=4608"},{"taxonomy":"post_tag","embeddable":true,"href":"https:\/\/www.radiolimari.cl\/index.php?rest_route=%2Fwp%2Fv2%2Ftags&post=4608"}],"curies":[{"name":"wp","href":"https:\/\/api.w.org\/{rel}","templated":true}]}}