{"id":4597,"date":"2021-02-24T15:25:26","date_gmt":"2021-02-24T15:25:26","guid":{"rendered":"http:\/\/www.radiolimari.cl\/?p=4597"},"modified":"2021-02-24T15:25:26","modified_gmt":"2021-02-24T15:25:26","slug":"seremi-de-la-mujer-region-de-coquimbo-destaca-subsidio-protege-que-beneficia-madres-trabajadoras","status":"publish","type":"post","link":"https:\/\/www.radiolimari.cl\/?p=4597","title":{"rendered":"Seremi de la Mujer, Regi\u00f3n de Coquimbo, destaca subsidio \u201cProtege\u201d que beneficia madres trabajadoras"},"content":{"rendered":"<p><a href=\"https:\/\/www.radiolimari.cl\/wp-content\/uploads\/2021\/02\/24.2-sernameg.jpg\"><img fetchpriority=\"high\" decoding=\"async\" class=\"alignnone size-medium wp-image-4598\" src=\"https:\/\/www.radiolimari.cl\/wp-content\/uploads\/2021\/02\/24.2-sernameg-300x225.jpg\" alt=\"24.2 sernameg\" width=\"300\" height=\"225\" srcset=\"https:\/\/www.radiolimari.cl\/wp-content\/uploads\/2021\/02\/24.2-sernameg-300x225.jpg 300w, https:\/\/www.radiolimari.cl\/wp-content\/uploads\/2021\/02\/24.2-sernameg-1024x768.jpg 1024w\" sizes=\"(max-width: 300px) 100vw, 300px\" \/><\/a><\/p>\n<p>Se iniciaron las postulaciones al nuevo\u00a0<strong>Subsidio al Empleo en su l\u00ednea \u201cProtege\u201d<\/strong>, la que tiene por objeto fomentar la empleabilidad de miles de mujeres que hoy no cuentan con las redes de cuidado necesarias para volver a trabajar.<!--more--><\/p>\n<p>El Subsidio al empleo otorgar\u00e1, de manera directa, un beneficio en dinero para el cuidado de sus hijos\/as menores de dos a\u00f1os, de\u00a0<strong>$200 mil mensuales, por tres meses, renovables hasta por 6 meses<\/strong>, siempre y cuando no tengan ya garantizado el derecho a sala cuna por parte de sus empleadores.<\/p>\n<p>Es decir, el beneficio aplica para aquellas madres trabajadores que laboren en empresas en que existan menos de 20 mujeres.<\/p>\n<p>Quienes deseen postular al beneficio deber\u00e1n ingresar al sitio web\u00a0<a href=\"http:\/\/www.subsidioalempleo.cl\/\">www.subsidioalempleo.cl<\/a>, donde ya hay informaci\u00f3n detallada acerca de los requisitos para acceder al mismo.<\/p>\n<p>El beneficio tiene una extensi\u00f3n de 3 meses desde la fecha de su concesi\u00f3n, los que ser\u00e1n prorrogables mensualmente hasta por 6 meses, siempre que se encuentre vigente el estado de excepci\u00f3n constitucional de cat\u00e1strofe, por calamidad p\u00fablica, y en la medida en que la condici\u00f3n sanitaria producto de la pandemia del COVID-19 lo justifique.<\/p>\n<p>La seremi de la Mujer y Equidad de G\u00e9nero, Iv\u00f3n Guerra, destac\u00f3 esta iniciativa del Gobierno, \u201c<em><strong>durante la pandemia las mujeres han sido las m\u00e1s afectadas. El desempleo ha golpeado fuerte a\u00a0 nuestro g\u00e9nero, a eso se le suma que hemos visto que las tareas dom\u00e9sticas, adem\u00e1s a la interrupci\u00f3n de la red de cuidados ha generado una sobrecarga de labores para las mujeres que impacta no s\u00f3lo su salud mental y emocional, sino tambi\u00e9n su desarrollo integral. Tal como l dijo nuestra Ministra, M\u00f3nica Zalaquett tenemos una misi\u00f3n clara: dirigir todos nuestros esfuerzos a fomentar el desarrollo pleno e integral de las mujeres de nuestro pa\u00eds y para lograr ese objetivo es de vital importancia proteger e incentivar el empleo femenino, reconociendo la responsabilidad de cuidado de ni\u00f1os y ni\u00f1as que recae sobre las mujeres, por ello hemos impulsado este subsidio que permitir\u00e1 a miles de madres contar con un alivio econ\u00f3mico para que sus hijos e hijas menores de dos a\u00f1os puedan estar bien cuidados mientras ellas salen a trabajar<\/strong><\/em>\u201c.<\/p>\n<p>La primera ventana de postulaci\u00f3n ser\u00e1 entre el 15 y el 28 de febrero. Luego, entre el 1 y 20 de marzo. El monto se pagar\u00e1 un mes despu\u00e9s de concedido el subsidio. Es decir, si la postulaci\u00f3n se realiza y confirma en febrero, el primer pago se realizar\u00e1 en marzo de 2021, directamente a la cuenta bancaria personal que indique la trabajadora beneficiaria. Posteriormente, se realizar\u00e1n pagos mensuales durante la duraci\u00f3n del beneficio.<\/p>\n<p>Para postular, el trabajador o trabajadora deber\u00e1 estar actualmente trabajando de manera dependiente o independiente. En el primer caso, se exigir\u00e1 contar con cuatro cotizaciones dentro de los \u00faltimos 12 meses, siempre que la cotizaci\u00f3n del mes anterior al de postulaci\u00f3n se encuentre declarada y pagada; y, para el caso de trabajadores (as) independientes, deben contar con cotizaciones en la operaci\u00f3n renta 2020. Si se trata de trabajadores independientes voluntarios, deben cumplir con el requisito de las trabajadoras dependientes.<\/p>\n","protected":false},"excerpt":{"rendered":"<p>Se iniciaron las postulaciones al nuevo\u00a0Subsidio al Empleo en su l\u00ednea \u201cProtege\u201d, la que tiene por objeto fomentar la empleabilidad de miles de mujeres que hoy no cuentan con las redes de cuidado necesarias para volver a trabajar.<\/p>\n","protected":false},"author":2,"featured_media":4598,"comment_status":"open","ping_status":"open","sticky":false,"template":"","format":"standard","meta":{"footnotes":""},"categories":[6],"tags":[],"class_list":["post-4597","post","type-post","status-publish","format-standard","has-post-thumbnail","hentry","category-regionales"],"_links":{"self":[{"href":"https:\/\/www.radiolimari.cl\/index.php?rest_route=\/wp\/v2\/posts\/4597","targetHints":{"allow":["GET"]}}],"collection":[{"href":"https:\/\/www.radiolimari.cl\/index.php?rest_route=\/wp\/v2\/posts"}],"about":[{"href":"https:\/\/www.radiolimari.cl\/index.php?rest_route=\/wp\/v2\/types\/post"}],"author":[{"embeddable":true,"href":"https:\/\/www.radiolimari.cl\/index.php?rest_route=\/wp\/v2\/users\/2"}],"replies":[{"embeddable":true,"href":"https:\/\/www.radiolimari.cl\/index.php?rest_route=%2Fwp%2Fv2%2Fcomments&post=4597"}],"version-history":[{"count":1,"href":"https:\/\/www.radiolimari.cl\/index.php?rest_route=\/wp\/v2\/posts\/4597\/revisions"}],"predecessor-version":[{"id":4599,"href":"https:\/\/www.radiolimari.cl\/index.php?rest_route=\/wp\/v2\/posts\/4597\/revisions\/4599"}],"wp:featuredmedia":[{"embeddable":true,"href":"https:\/\/www.radiolimari.cl\/index.php?rest_route=\/wp\/v2\/media\/4598"}],"wp:attachment":[{"href":"https:\/\/www.radiolimari.cl\/index.php?rest_route=%2Fwp%2Fv2%2Fmedia&parent=4597"}],"wp:term":[{"taxonomy":"category","embeddable":true,"href":"https:\/\/www.radiolimari.cl\/index.php?rest_route=%2Fwp%2Fv2%2Fcategories&post=4597"},{"taxonomy":"post_tag","embeddable":true,"href":"https:\/\/www.radiolimari.cl\/index.php?rest_route=%2Fwp%2Fv2%2Ftags&post=4597"}],"curies":[{"name":"wp","href":"https:\/\/api.w.org\/{rel}","templated":true}]}}