{"id":4594,"date":"2021-02-23T17:55:50","date_gmt":"2021-02-23T17:55:50","guid":{"rendered":"http:\/\/www.radiolimari.cl\/?p=4594"},"modified":"2021-02-23T17:55:50","modified_gmt":"2021-02-23T17:55:50","slug":"fueron-aprobados-los-recursos-para-la-construccion-del-nuevo-edificio-municipal-de-ovalle","status":"publish","type":"post","link":"https:\/\/www.radiolimari.cl\/?p=4594","title":{"rendered":"Fueron aprobados los recursos para la construcci\u00f3n del nuevo Edificio Municipal de Ovalle"},"content":{"rendered":"<p><a href=\"https:\/\/www.radiolimari.cl\/wp-content\/uploads\/2021\/02\/23.2-Edificio-Consistorial.jpg\"><img fetchpriority=\"high\" decoding=\"async\" class=\"alignnone size-medium wp-image-4595\" src=\"https:\/\/www.radiolimari.cl\/wp-content\/uploads\/2021\/02\/23.2-Edificio-Consistorial-300x225.jpg\" alt=\"23.2 Edificio Consistorial\" width=\"300\" height=\"225\" srcset=\"https:\/\/www.radiolimari.cl\/wp-content\/uploads\/2021\/02\/23.2-Edificio-Consistorial-300x225.jpg 300w, https:\/\/www.radiolimari.cl\/wp-content\/uploads\/2021\/02\/23.2-Edificio-Consistorial-1024x768.jpg 1024w\" sizes=\"(max-width: 300px) 100vw, 300px\" \/><\/a><\/p>\n<p><strong><em>El Consejo Regional aprob\u00f3 por una unanimidad el financiamiento que alcanza los 21.500 millones de pesos, para desarrollar este proyecto hist\u00f3rico y emblem\u00e1tico para la comuna en un periodo de ejecuci\u00f3n 30 meses. <\/em><\/strong><!--more--><\/p>\n<p>Se trata de un proyecto hist\u00f3rico y emblem\u00e1tico para la comuna de Ovalle. La construcci\u00f3n del nuevo Edificio Consistorial ser\u00e1 una realidad en los pr\u00f3ximos meses, luego de la aprobaci\u00f3n un\u00e1nime que realiz\u00f3 el Consejo Regional de Coquimbo para su financiamiento, que alcanza los 21.500 millones de pesos.<\/p>\n<p>El proyecto consiste en la reutilizaci\u00f3n del edificio principal y de las dependencias que, actualmente, alberga al departamento de Educaci\u00f3n Municipal y el recinto donde se encuentra la Direcci\u00f3n de Obras Municipales por el sector de calle Victoria. Estas antiguas construcciones ser\u00e1n intervenidas con trabajos de mejoramiento y remodelaci\u00f3n.<\/p>\n<p>Se trata de un edificio de 7 pisos habilitado para un total de 650 funcionarios municipales, lo que se traduce en una intervenci\u00f3n de 14.130 metros cuadrados. La mayor inversi\u00f3n se realizar\u00e1 en el terreno municipal aleda\u00f1o que considera la demolici\u00f3n del actual Sal\u00f3n Auditorium Municipal, bodegas de archivo y parte del inmueble de la ex escuela N\u00ba2, para construir un nuevo edificio corporativo que consta de dos vol\u00famenes principales, con estacionamientos a nivel de subsuelo.<\/p>\n<p>Esta obra incluye el mejoramiento y construcci\u00f3n de oficinas, recintos complementarios como sala de reuni\u00f3n, sala de espera, oficina de atenci\u00f3n a p\u00fablico, m\u00f3dulos de atenci\u00f3n, hall de acceso, nuevo sal\u00f3n auditorio con camarines, sala de sesiones, servicios higi\u00e9nicos p\u00fablicos, subsuelo de estacionamientos, sala de archivos, bodegas, entre otros. Adem\u00e1s, se considera la adquisici\u00f3n de los equipamientos y ascensores. El plazo estipulado de ejecuci\u00f3n es de 30 meses.<\/p>\n<p>Era una necesidad imperiosa para la comuna, puesto que actualmente el municipio cuenta con 20 locaciones externas al edificio consistorial, lo que significa un gasto en arriendo que supera los 420 millones de pesos anuales. Asimismo, la nueva infraestructura dejar\u00e1 atr\u00e1s las incomodidades de los usuarios, quienes dejar\u00e1n de recorrer diversos puntos de la ciudad, para realizar sus tr\u00e1mites y consultas.<\/p>\n<p>El objetivo de este proyecto apunta a \u201cmejorar las dependencias municipales, pero lo m\u00e1s relevante es que podremos entregar un servicio \u00f3ptimo y c\u00f3modo a nuestros queridos ovallinos y ovallinas\u201d sostuvo el alcalde de Ovalle, Claudio Renter\u00eda. La autoridad comunal agreg\u00f3 que \u201cser\u00e1 un edificio amigable, de f\u00e1cil acceso y cumplir\u00e1 con todas las normativas y facilidades de ocupaci\u00f3n para personas en situaci\u00f3n de discapacidad\u201d.<\/p>\n<p>Sobre el proyecto del consistorial, la presidenta del Consejo Regional, Adriana Pe\u00f1afiel, indic\u00f3 que \u00abesta es una importante noticia porque desde hace 8 a\u00f1os que ven\u00eda este proyecto siendo presentado y que finalmente hoy d\u00eda cuenta con la aprobaci\u00f3n. Se espera que la iniciativa comience los trabajos durante el presente a\u00f1o, lo que va a significar mejorar notoriamente las condiciones de trabajo de los funcionarios, del concejo y del alcalde de Ovalle\u00bb.<\/p>\n<p>En los pr\u00f3ximos meses se desarrollar\u00e1 el proceso de licitaci\u00f3n, donde se definir\u00e1 a la empresa que desarrollar\u00e1 las obras f\u00edsicas y se espera que la ejecuci\u00f3n de la construcci\u00f3n se inicie a final de 2021.<\/p>\n","protected":false},"excerpt":{"rendered":"<p>El Consejo Regional aprob\u00f3 por una unanimidad el financiamiento que alcanza los 21.500 millones de pesos, para desarrollar este proyecto hist\u00f3rico y emblem\u00e1tico para la comuna en un periodo de ejecuci\u00f3n 30 meses.<\/p>\n","protected":false},"author":2,"featured_media":4595,"comment_status":"open","ping_status":"open","sticky":false,"template":"","format":"standard","meta":{"footnotes":""},"categories":[5],"tags":[],"class_list":["post-4594","post","type-post","status-publish","format-standard","has-post-thumbnail","hentry","category-actualidad-limarina"],"_links":{"self":[{"href":"https:\/\/www.radiolimari.cl\/index.php?rest_route=\/wp\/v2\/posts\/4594","targetHints":{"allow":["GET"]}}],"collection":[{"href":"https:\/\/www.radiolimari.cl\/index.php?rest_route=\/wp\/v2\/posts"}],"about":[{"href":"https:\/\/www.radiolimari.cl\/index.php?rest_route=\/wp\/v2\/types\/post"}],"author":[{"embeddable":true,"href":"https:\/\/www.radiolimari.cl\/index.php?rest_route=\/wp\/v2\/users\/2"}],"replies":[{"embeddable":true,"href":"https:\/\/www.radiolimari.cl\/index.php?rest_route=%2Fwp%2Fv2%2Fcomments&post=4594"}],"version-history":[{"count":1,"href":"https:\/\/www.radiolimari.cl\/index.php?rest_route=\/wp\/v2\/posts\/4594\/revisions"}],"predecessor-version":[{"id":4596,"href":"https:\/\/www.radiolimari.cl\/index.php?rest_route=\/wp\/v2\/posts\/4594\/revisions\/4596"}],"wp:featuredmedia":[{"embeddable":true,"href":"https:\/\/www.radiolimari.cl\/index.php?rest_route=\/wp\/v2\/media\/4595"}],"wp:attachment":[{"href":"https:\/\/www.radiolimari.cl\/index.php?rest_route=%2Fwp%2Fv2%2Fmedia&parent=4594"}],"wp:term":[{"taxonomy":"category","embeddable":true,"href":"https:\/\/www.radiolimari.cl\/index.php?rest_route=%2Fwp%2Fv2%2Fcategories&post=4594"},{"taxonomy":"post_tag","embeddable":true,"href":"https:\/\/www.radiolimari.cl\/index.php?rest_route=%2Fwp%2Fv2%2Ftags&post=4594"}],"curies":[{"name":"wp","href":"https:\/\/api.w.org\/{rel}","templated":true}]}}