{"id":4588,"date":"2021-02-22T19:15:55","date_gmt":"2021-02-22T19:15:55","guid":{"rendered":"http:\/\/www.radiolimari.cl\/?p=4588"},"modified":"2021-02-22T19:15:55","modified_gmt":"2021-02-22T19:15:55","slug":"se-inicia-programa-municipio-en-tu-barrio-en-ovalle","status":"publish","type":"post","link":"https:\/\/www.radiolimari.cl\/?p=4588","title":{"rendered":"Se inicia programa Municipio en tu Barrio en Ovalle"},"content":{"rendered":"<p><a href=\"https:\/\/www.radiolimari.cl\/wp-content\/uploads\/2021\/02\/22.2-Municipio-en-tu-barrio-2021.jpg\"><img fetchpriority=\"high\" decoding=\"async\" class=\"alignnone size-medium wp-image-4589\" src=\"https:\/\/www.radiolimari.cl\/wp-content\/uploads\/2021\/02\/22.2-Municipio-en-tu-barrio-2021-300x225.jpg\" alt=\"22.2 Municipio en tu barrio 2021\" width=\"300\" height=\"225\" srcset=\"https:\/\/www.radiolimari.cl\/wp-content\/uploads\/2021\/02\/22.2-Municipio-en-tu-barrio-2021-300x225.jpg 300w, https:\/\/www.radiolimari.cl\/wp-content\/uploads\/2021\/02\/22.2-Municipio-en-tu-barrio-2021-1024x768.jpg 1024w\" sizes=\"(max-width: 300px) 100vw, 300px\" \/><\/a><\/p>\n<p><strong><em>Las oficinas municipales se trasladar\u00e1n a diversos sectores urbanos y rurales de la comuna, para que las familias puedan realizar tr\u00e1mites y consultas. Los asistentes tendr\u00e1n a su disposici\u00f3n servicios de peluquer\u00eda y podolog\u00eda, a lo que suma la atenci\u00f3n veterinaria gratuita. Este programa se llevar\u00e1 a cabo entre el 23 de febrero y el 4 de abril. <\/em><\/strong><!--more--><\/p>\n<p>Con el prop\u00f3sito de acercar los departamentos municipales a la comunidad, este martes 23 de febrero se inicia el programa \u201cMunicipio en tu Barrio\u201d en Ovalle, instancia que permite que los vecinos de la comuna realicen tr\u00e1mites y consultas a un paso de sus hogares.<\/p>\n<p>La iniciativa comenzar\u00e1 en la poblaci\u00f3n 8 de julio (23 de febrero) y continuar\u00e1 en la poblaci\u00f3n ANFA I (25 de febrero), poblaci\u00f3n Carmelitana (2 de marzo), ANFA II (4 de marzo), Ribera del Limar\u00ed (9 de marzo), Canelilla Baja (11 de marzo) y Villa Los Parronales (16 de marzo). A estos sectores se suman Carachilla (18 de marzo), sector Flor del Norte de El Talhu\u00e9n (23 de marzo), Mirador I (25 de marzo), Portal de Tuqui (30 de marzo) y la poblaci\u00f3n Fray Jorge (6 de abril). Estos operativos se desarrollar\u00e1n entre las 15:00 y las 17:30 horas.<\/p>\n<p>Los asistentes tendr\u00e1n a su disposici\u00f3n servicio gratuito de peluquer\u00eda y podolog\u00eda, principalmente para los adultos mayores. Adem\u00e1s, el equipo de m\u00e9dicos veterinarios del departamento de Medio Ambiente realizar\u00e1 la atenci\u00f3n de mascotas, a lo que se suma la atenci\u00f3n de asistentes sociales, quienes asesorar\u00e1n a las familias en lo que respecta a beneficios que entrega el Estado. Asimismo, personal del departamento de Salud realizar\u00e1 ex\u00e1menes preventivos a los adultos y tambi\u00e9n dispondr\u00e1n de muestras PCR.<\/p>\n<p>En algunos sectores, el departamento de Aseo y Ornato realizar\u00e1 el retiro de la denominada \u201cBasura Hist\u00f3rica\u201d, que se ha convertido en una gran oportunidad para que los vecinos se deshagan de artefactos el\u00e9ctricos en desuso, sillones, camas, que se encuentran en sus patios y que generan focos de insalubridad. \u201cEl objetivo principal es que los vecinos aprovechen esta oportunidad, donde tendr\u00e1n a su disposici\u00f3n las oficinas municipales, adem\u00e1s de servicios gratuitos. La idea es ir retomando estos operativos, obviamente tomando todos los resguardos que nos exige la autoridad sanitaria, para protegernos del Covid-19\u201d indic\u00f3 el alcalde de Ovalle, Claudio Renter\u00eda.<\/p>\n<p>Esta acci\u00f3n territorial se ha efectuado en los \u00faltimos a\u00f1os y ha tenido gran aceptaci\u00f3n en la comunidad, ya que algunas personas por razones laborales o de otra \u00edndole no pueden asistir a las dependencias municipales, durante los d\u00edas de semana.<\/p>\n","protected":false},"excerpt":{"rendered":"<p>Las oficinas municipales se trasladar\u00e1n a diversos sectores urbanos y rurales de la comuna, para que las familias puedan realizar tr\u00e1mites y consultas. Los asistentes tendr\u00e1n a su disposici\u00f3n servicios de peluquer\u00eda y podolog\u00eda, a lo que suma la atenci\u00f3n veterinaria gratuita. Este programa se llevar\u00e1 a cabo entre el 23 de febrero y el &#8230;<\/p>\n","protected":false},"author":2,"featured_media":4589,"comment_status":"open","ping_status":"open","sticky":false,"template":"","format":"standard","meta":{"footnotes":""},"categories":[5],"tags":[],"class_list":["post-4588","post","type-post","status-publish","format-standard","has-post-thumbnail","hentry","category-actualidad-limarina"],"_links":{"self":[{"href":"https:\/\/www.radiolimari.cl\/index.php?rest_route=\/wp\/v2\/posts\/4588","targetHints":{"allow":["GET"]}}],"collection":[{"href":"https:\/\/www.radiolimari.cl\/index.php?rest_route=\/wp\/v2\/posts"}],"about":[{"href":"https:\/\/www.radiolimari.cl\/index.php?rest_route=\/wp\/v2\/types\/post"}],"author":[{"embeddable":true,"href":"https:\/\/www.radiolimari.cl\/index.php?rest_route=\/wp\/v2\/users\/2"}],"replies":[{"embeddable":true,"href":"https:\/\/www.radiolimari.cl\/index.php?rest_route=%2Fwp%2Fv2%2Fcomments&post=4588"}],"version-history":[{"count":1,"href":"https:\/\/www.radiolimari.cl\/index.php?rest_route=\/wp\/v2\/posts\/4588\/revisions"}],"predecessor-version":[{"id":4590,"href":"https:\/\/www.radiolimari.cl\/index.php?rest_route=\/wp\/v2\/posts\/4588\/revisions\/4590"}],"wp:featuredmedia":[{"embeddable":true,"href":"https:\/\/www.radiolimari.cl\/index.php?rest_route=\/wp\/v2\/media\/4589"}],"wp:attachment":[{"href":"https:\/\/www.radiolimari.cl\/index.php?rest_route=%2Fwp%2Fv2%2Fmedia&parent=4588"}],"wp:term":[{"taxonomy":"category","embeddable":true,"href":"https:\/\/www.radiolimari.cl\/index.php?rest_route=%2Fwp%2Fv2%2Fcategories&post=4588"},{"taxonomy":"post_tag","embeddable":true,"href":"https:\/\/www.radiolimari.cl\/index.php?rest_route=%2Fwp%2Fv2%2Ftags&post=4588"}],"curies":[{"name":"wp","href":"https:\/\/api.w.org\/{rel}","templated":true}]}}