{"id":4582,"date":"2021-02-22T18:10:34","date_gmt":"2021-02-22T18:10:34","guid":{"rendered":"http:\/\/www.radiolimari.cl\/?p=4582"},"modified":"2021-02-22T18:10:34","modified_gmt":"2021-02-22T18:10:34","slug":"en-ovalle-comenzo-la-vacunacion-de-profesores-y-personal-de-educacion-menores-de-60-anos","status":"publish","type":"post","link":"https:\/\/www.radiolimari.cl\/?p=4582","title":{"rendered":"En Ovalle  comenz\u00f3 la vacunaci\u00f3n de profesores y personal de Educaci\u00f3n menores de 60 a\u00f1os"},"content":{"rendered":"<p><a href=\"https:\/\/www.radiolimari.cl\/wp-content\/uploads\/2021\/02\/22.2-Vacunaci\u00f3n-22-de-febrero-3.jpg\"><img fetchpriority=\"high\" decoding=\"async\" class=\"alignnone size-medium wp-image-4583\" src=\"https:\/\/www.radiolimari.cl\/wp-content\/uploads\/2021\/02\/22.2-Vacunaci\u00f3n-22-de-febrero-3-300x199.jpg\" alt=\"22.2 Vacunaci\u00f3n 22 de febrero (3)\" width=\"300\" height=\"199\" srcset=\"https:\/\/www.radiolimari.cl\/wp-content\/uploads\/2021\/02\/22.2-Vacunaci\u00f3n-22-de-febrero-3-300x199.jpg 300w, https:\/\/www.radiolimari.cl\/wp-content\/uploads\/2021\/02\/22.2-Vacunaci\u00f3n-22-de-febrero-3-1024x682.jpg 1024w, https:\/\/www.radiolimari.cl\/wp-content\/uploads\/2021\/02\/22.2-Vacunaci\u00f3n-22-de-febrero-3.jpg 1280w\" sizes=\"(max-width: 300px) 100vw, 300px\" \/><\/a><\/p>\n<p><strong><em>Hasta el 26 de febrero podr\u00e1n vacunarse los docentes, asistentes de la educaci\u00f3n, educadores de p\u00e1rvulos y trabajadores de los establecimientos educacionales, que tengan entre los 40 y 59 a\u00f1os. Adem\u00e1s, se hizo un llamado a todos quienes cumplan con los rangos etarios y de funci\u00f3n para que se acerquen al Estadio Municipal Diaguita y reciban la primera dosis.<\/em><\/strong><!--more--><\/p>\n<p>Se inici\u00f3 la cuarta semana de vacunaci\u00f3n en Ovalle, con el proceso que incluye a profesores, asistentes de la educaci\u00f3n, educadores de p\u00e1rvulos y del personal que cumple diversas funciones en los establecimientos educacionales, que tienen entre 40 y 59 a\u00f1os. Adem\u00e1s, el personal del departamento de Salud Municipal vacunar\u00e1 a todas las personas que, por diversas razones, no pudieron asistir el d\u00eda que les correspond\u00eda, sobre todo los adultos mayores, quienes son prioridad en esta campa\u00f1a contra el Covid-19.<\/p>\n<p>Este martes 23 de febrero podr\u00e1n recibir la primera dosis\u00a0los trabajadores de la educaci\u00f3n de 50 a 54 a\u00f1os, el mi\u00e9rcoles 24 de febrero le corresponder\u00e1 a quienes tengan entre los 45 y 49 a\u00f1os y finalmente, el jueves 25 de febrero ser\u00e1n vacunadas las personas de 40 a 44 a\u00f1os. El d\u00eda viernes 26 se destinar\u00e1 para atender a todos los \u201crezagados\u201d de esta semana y de las anteriores.<\/p>\n<p>El balance de las primeras tres semanas ha sido \u201cpositivo, porque hemos visto como nuestra comunidad no ha tenido problemas para recibir la primera dosis de la vacuna e iniciar, de esta forma, su protecci\u00f3n frente al Covid-19. Nosotros desde el d\u00eda 1 de vacunaci\u00f3n hemos hecho los esfuerzos con nuestro personal de salud, para que sea un proceso r\u00e1pido y sin inconvenientes para quienes cumplen con los requisitos de edad y de funci\u00f3n, especificados por el ministerio de Salud\u201d indic\u00f3 el alcalde de Ovalle, Claudio Renter\u00eda.<\/p>\n<p>Para acreditar su calidad de trabajadores de la educaci\u00f3n en el recinto de vacunaci\u00f3n, los funcionarios podr\u00e1n presentar su contrato de trabajo o un documento similar y, en caso de no poseerlo, podr\u00e1n descargar un certificado desde la p\u00e1gina web del ministerio de Educaci\u00f3n con su Clave \u00danica.<\/p>\n<p>&nbsp;<\/p>\n<p>&nbsp;<\/p>\n<p>&nbsp;<\/p>\n<p>&nbsp;<\/p>\n<p><strong>Llamado a vacunarse <\/strong><\/p>\n<p>La autoridad comunal hizo un llamado a \u201casistir al Estadio Municipal, porque\u00a0 creo que la mejor forma de protegernos y cuidar a nuestras familias es vacun\u00e1ndonos. Si bien, no evitar\u00e1 que nos contagiemos, si nos proteger\u00e1 de los efectos graves de la enfermedad e incluso de la muerte, por eso creo que es muy importante que tomemos la opci\u00f3n de vacunarnos cuando nos corresponda\u201d.<\/p>\n<p>El asesor m\u00e9dico del departamento de Salud, Diego Pe\u00f1ailillo sostuvo que la principal recomendaci\u00f3n es \u201ca que concurran directamente al centro de vacunaci\u00f3n todos los \u201crezagados\u201d. La vacunaci\u00f3n es voluntaria, por lo que la meta de inoculaci\u00f3n que se pueda alcanzar est\u00e1 en directa relaci\u00f3n con que la poblaci\u00f3n desee vacunarse\u201d. Recordemos, que la meta del gobierno es vacunar, durante el primer semestre de este a\u00f1o, al 80% de la poblaci\u00f3n, para que se logre la denominada \u201cinmunidad de reba\u00f1o\u201d, lo que, seg\u00fan expertos, ser\u00eda el principio del fin de la pandemia.<\/p>\n<p>Las personas que asisten al recinto deportivo de Avenida La Chimba ingresan, entregan sus datos personales, pasan a un m\u00f3dulo de vacunaci\u00f3n donde son inoculados y luego deben permanecer 30 minutos en el lugar. Se le entregar\u00e1 un carnet, el cual deber\u00e1n presentar en 28 d\u00edas para recibir su segunda vacuna, con el que se cierra el ciclo de protecci\u00f3n.<\/p>\n<p>Hasta el momento en Ovalle, seg\u00fan registros oficiales del ministerio de Salud, se han vacunado\u00a014.643 personas.<\/p>\n<p>&nbsp;<\/p>\n<p>&nbsp;<\/p>\n","protected":false},"excerpt":{"rendered":"<p>Hasta el 26 de febrero podr\u00e1n vacunarse los docentes, asistentes de la educaci\u00f3n, educadores de p\u00e1rvulos y trabajadores de los establecimientos educacionales, que tengan entre los 40 y 59 a\u00f1os. Adem\u00e1s, se hizo un llamado a todos quienes cumplan con los rangos etarios y de funci\u00f3n para que se acerquen al Estadio Municipal Diaguita y &#8230;<\/p>\n","protected":false},"author":2,"featured_media":4583,"comment_status":"open","ping_status":"open","sticky":false,"template":"","format":"standard","meta":{"footnotes":""},"categories":[5],"tags":[],"class_list":["post-4582","post","type-post","status-publish","format-standard","has-post-thumbnail","hentry","category-actualidad-limarina"],"_links":{"self":[{"href":"https:\/\/www.radiolimari.cl\/index.php?rest_route=\/wp\/v2\/posts\/4582","targetHints":{"allow":["GET"]}}],"collection":[{"href":"https:\/\/www.radiolimari.cl\/index.php?rest_route=\/wp\/v2\/posts"}],"about":[{"href":"https:\/\/www.radiolimari.cl\/index.php?rest_route=\/wp\/v2\/types\/post"}],"author":[{"embeddable":true,"href":"https:\/\/www.radiolimari.cl\/index.php?rest_route=\/wp\/v2\/users\/2"}],"replies":[{"embeddable":true,"href":"https:\/\/www.radiolimari.cl\/index.php?rest_route=%2Fwp%2Fv2%2Fcomments&post=4582"}],"version-history":[{"count":1,"href":"https:\/\/www.radiolimari.cl\/index.php?rest_route=\/wp\/v2\/posts\/4582\/revisions"}],"predecessor-version":[{"id":4584,"href":"https:\/\/www.radiolimari.cl\/index.php?rest_route=\/wp\/v2\/posts\/4582\/revisions\/4584"}],"wp:featuredmedia":[{"embeddable":true,"href":"https:\/\/www.radiolimari.cl\/index.php?rest_route=\/wp\/v2\/media\/4583"}],"wp:attachment":[{"href":"https:\/\/www.radiolimari.cl\/index.php?rest_route=%2Fwp%2Fv2%2Fmedia&parent=4582"}],"wp:term":[{"taxonomy":"category","embeddable":true,"href":"https:\/\/www.radiolimari.cl\/index.php?rest_route=%2Fwp%2Fv2%2Fcategories&post=4582"},{"taxonomy":"post_tag","embeddable":true,"href":"https:\/\/www.radiolimari.cl\/index.php?rest_route=%2Fwp%2Fv2%2Ftags&post=4582"}],"curies":[{"name":"wp","href":"https:\/\/api.w.org\/{rel}","templated":true}]}}