{"id":4579,"date":"2021-02-22T17:07:55","date_gmt":"2021-02-22T17:07:55","guid":{"rendered":"http:\/\/www.radiolimari.cl\/?p=4579"},"modified":"2021-02-22T17:07:55","modified_gmt":"2021-02-22T17:07:55","slug":"coronavirus-lunes-22-de-febrero-155-nuevos-casos-y-una-persona-fallecida","status":"publish","type":"post","link":"https:\/\/www.radiolimari.cl\/?p=4579","title":{"rendered":"#CoronaVirus Lunes 22 de febrero: 155 nuevos casos y una persona fallecida."},"content":{"rendered":"<p><a href=\"https:\/\/www.radiolimari.cl\/wp-content\/uploads\/2021\/02\/NOTICIAS-EN-LIMARI-ULTIMA-HORA-CORONA-VIRUS-20.07.20201.jpg\"><img decoding=\"async\" class=\"alignnone size-medium wp-image-4580\" src=\"https:\/\/www.radiolimari.cl\/wp-content\/uploads\/2021\/02\/NOTICIAS-EN-LIMARI-ULTIMA-HORA-CORONA-VIRUS-20.07.20201-300x150.jpg\" alt=\"NOTICIAS EN LIMARI ULTIMA HORA CORONA VIRUS 20.07.2020\" width=\"300\" height=\"150\" srcset=\"https:\/\/www.radiolimari.cl\/wp-content\/uploads\/2021\/02\/NOTICIAS-EN-LIMARI-ULTIMA-HORA-CORONA-VIRUS-20.07.20201-300x150.jpg 300w, https:\/\/www.radiolimari.cl\/wp-content\/uploads\/2021\/02\/NOTICIAS-EN-LIMARI-ULTIMA-HORA-CORONA-VIRUS-20.07.20201-1024x512.jpg 1024w, https:\/\/www.radiolimari.cl\/wp-content\/uploads\/2021\/02\/NOTICIAS-EN-LIMARI-ULTIMA-HORA-CORONA-VIRUS-20.07.20201.jpg 1148w\" sizes=\"(max-width: 300px) 100vw, 300px\" \/><\/a><\/p>\n<p>En un nuevo reporte sanitario, autoridades regionales confirmaron el retroceso de la comuna de Illapel a Fase 2 de Transici\u00f3n en el Plan Paso a Paso.<!--more--><\/p>\n<p>\u201cHoy se anunci\u00f3 que la comuna de Illapel retroceder\u00e1 a Fase 2 de Transici\u00f3n desde este jueves 25 de febrero a las 5 de la ma\u00f1ana. Esto significa cuarentena los fines de semana y festivos, adem\u00e1s de la reducci\u00f3n del aforo en reuniones sociales en domicilios particulares y los restaurantes solo podr\u00e1n funcionar en espacios abiertos o terrazas. El llamado a la poblaci\u00f3n de esa comuna es a respetar estas nuevas medidas para no seguir retrocediendo en el Plan Paso a Paso\u201d, se\u00f1al\u00f3 el Intendente Pablo Herman.<\/p>\n<p>&nbsp;<\/p>\n<p>Para la Seremi (S) de Salud, Andrea Vel\u00e1squez, los motivos de este anuncio se dan principalmente \u201cpor el aumento en las tasas de incidencia de casos activos, casos nuevos y positividad. Esta medida significa cuarentena el fin de semana y festivos, y reducci\u00f3n de aforos para reuniones sociales en domicilios particulares, entre otras medidas. El llamado es a seguir con las medidas preventivas, a cuidarnos en todo momento, porque no queremos otros retrocesos en el Plan Paso a Paso\u201d, coment\u00f3.<\/p>\n<p><strong>\u00a0<\/strong><\/p>\n<p><strong>Balance Sanitario<\/strong><\/p>\n<p><strong>\u00a0<\/strong><\/p>\n<p>El reporte sanitario registr\u00f3 el fallecimiento de una persona a causa del virus, con residencia en la comuna de Coquimbo. \u201cEn relaci\u00f3n con el detalle de casos nuevos, informamos 155 contagios, 52 de ellos de la comuna de La Serena, 35 de Coquimbo, 1 de Andacollo, 1 de Paihuano, 23 de Vicu\u00f1a, 1 de Illapel, 1 de Los Vilos, 5 de Salamanca, 13 de Ovalle, 2 de Combarbal\u00e1, 4 de Monte Patria, 3 de Punitaqui, 3 de otras regiones y 11 sin notificaci\u00f3n en el sistema Epivigila. Con esto, llegamos a un total de 19.972 casos acumulados, de los cuales 804 se mantienen con contagio activo a nivel regional\u201d, detall\u00f3 Vel\u00e1squez.<\/p>\n<p>&nbsp;<\/p>\n<p>El Director (S) del Servicio de Salud Coquimbo, Edgardo Gonz\u00e1lez, entreg\u00f3 el balance de la Red Asistencial. \u201cAl d\u00eda de hoy contamos con 853 personas hospitalizadas en la Red Asistencial de la Regi\u00f3n de Coquimbo, de las cuales 153 est\u00e1n internadas por Covid-19 y 51 se encuentran con requerimiento de ventilaci\u00f3n mec\u00e1nica: 14 en el Hospital de Coquimbo, 13 en el Hospital de La Serena, 18 en el Hospital de Ovalle y 6 en la Cl\u00ednica Red Salud Elqui\u201d, se\u00f1al\u00f3.<\/p>\n<p>&nbsp;<\/p>\n<p>En cuanto al n\u00famero de camas disponibles, la autoridad detall\u00f3 que la dotaci\u00f3n total en la Regi\u00f3n de Coquimbo es de 1.175 y se cuenta con 261 unidades disponibles, lo que representa un 76% de ocupaci\u00f3n general en toda la Red Asistencial. \u201cEn cuanto a las camas de las Unidades de Pacientes Cr\u00edticos, hoy contamos con 14 camas disponibles, de las cuales 5 corresponden a la Unidad de Cuidados Intensivos (UCI), que son aquellas que cuentan con ventiladores mec\u00e1nicos, y 9 a la Unidad de Tratamiento Intermedio (UTI)\u201d, detall\u00f3.<\/p>\n<p>&nbsp;<\/p>\n<p>Finalmente, sobre la situaci\u00f3n de los trabajadores de salud de la regi\u00f3n, se inform\u00f3 que 21 funcionarios de los hospitales y del Servicio de Salud Coquimbo han dado positivo al virus, y 54 se encuentran en cuarentena. Mientras que, en la Atenci\u00f3n Primaria de Salud, 13 funcionarios han dado positivo al virus y 36 se mantienen en cuarentena.<\/p>\n<p>&nbsp;<\/p>\n<p><strong>\u00a0<\/strong><\/p>\n<p><strong>BALANCE REGI\u00d3N DE COQUIMBO<\/strong><\/p>\n<p>&nbsp;<\/p>\n<p><strong>Lunes 22 de Febrero del 2021<\/strong><\/p>\n<p>155 casos nuevos<\/p>\n<p>19.972 casos acumulados<\/p>\n<p>804 casos activos<\/p>\n<p>389 total fallecidos (1 de Coquimbo)<\/p>\n<p>153 pacientes hospitalizados y 51 en ventilaci\u00f3n mec\u00e1nica<\/p>\n<p>Residencias Sanitarias: 85% de ocupaci\u00f3n<\/p>\n<p>Detalle Casos Nuevos:<\/p>\n<ul>\n<li>52 de La Serena<\/li>\n<li>35 de Coquimbo<\/li>\n<li>01 de Andacollo<\/li>\n<li>01 de Paihuano<\/li>\n<li>23 de Vicu\u00f1a<\/li>\n<li>01 de Illapel<\/li>\n<li>01 de Los Vilos<\/li>\n<li>05 de Salamanca<\/li>\n<li>13 de Ovalle<\/li>\n<li>02 de Combarbal\u00e1<\/li>\n<li>04 de Monte Patria<\/li>\n<li>03 de Punitaqui<\/li>\n<li>03 de otras regiones<\/li>\n<li>11 sin notificaci\u00f3n en Epivigila<\/li>\n<\/ul>\n","protected":false},"excerpt":{"rendered":"<p>En un nuevo reporte sanitario, autoridades regionales confirmaron el retroceso de la comuna de Illapel a Fase 2 de Transici\u00f3n en el Plan Paso a Paso.<\/p>\n","protected":false},"author":2,"featured_media":4580,"comment_status":"open","ping_status":"open","sticky":false,"template":"","format":"standard","meta":{"footnotes":""},"categories":[3],"tags":[],"class_list":["post-4579","post","type-post","status-publish","format-standard","has-post-thumbnail","hentry","category-actualidad"],"_links":{"self":[{"href":"https:\/\/www.radiolimari.cl\/index.php?rest_route=\/wp\/v2\/posts\/4579","targetHints":{"allow":["GET"]}}],"collection":[{"href":"https:\/\/www.radiolimari.cl\/index.php?rest_route=\/wp\/v2\/posts"}],"about":[{"href":"https:\/\/www.radiolimari.cl\/index.php?rest_route=\/wp\/v2\/types\/post"}],"author":[{"embeddable":true,"href":"https:\/\/www.radiolimari.cl\/index.php?rest_route=\/wp\/v2\/users\/2"}],"replies":[{"embeddable":true,"href":"https:\/\/www.radiolimari.cl\/index.php?rest_route=%2Fwp%2Fv2%2Fcomments&post=4579"}],"version-history":[{"count":1,"href":"https:\/\/www.radiolimari.cl\/index.php?rest_route=\/wp\/v2\/posts\/4579\/revisions"}],"predecessor-version":[{"id":4581,"href":"https:\/\/www.radiolimari.cl\/index.php?rest_route=\/wp\/v2\/posts\/4579\/revisions\/4581"}],"wp:featuredmedia":[{"embeddable":true,"href":"https:\/\/www.radiolimari.cl\/index.php?rest_route=\/wp\/v2\/media\/4580"}],"wp:attachment":[{"href":"https:\/\/www.radiolimari.cl\/index.php?rest_route=%2Fwp%2Fv2%2Fmedia&parent=4579"}],"wp:term":[{"taxonomy":"category","embeddable":true,"href":"https:\/\/www.radiolimari.cl\/index.php?rest_route=%2Fwp%2Fv2%2Fcategories&post=4579"},{"taxonomy":"post_tag","embeddable":true,"href":"https:\/\/www.radiolimari.cl\/index.php?rest_route=%2Fwp%2Fv2%2Ftags&post=4579"}],"curies":[{"name":"wp","href":"https:\/\/api.w.org\/{rel}","templated":true}]}}