{"id":4575,"date":"2021-02-22T14:49:27","date_gmt":"2021-02-22T14:49:27","guid":{"rendered":"http:\/\/www.radiolimari.cl\/?p=4575"},"modified":"2021-02-22T14:49:27","modified_gmt":"2021-02-22T14:49:27","slug":"en-ovalle-invitan-a-vecinos-de-poblacion-8-de-julio-a-elegir-las-obras-que-se-construiran-en-su-barrio","status":"publish","type":"post","link":"https:\/\/www.radiolimari.cl\/?p=4575","title":{"rendered":"En Ovalle Invitan a vecinos de Poblaci\u00f3n 8 de Julio a elegir las obras que se construir\u00e1n en su barrio"},"content":{"rendered":"<p><a href=\"https:\/\/www.radiolimari.cl\/wp-content\/uploads\/2021\/02\/22.2-Quiero-Mi-Barrio-8-de-julio.jpg\"><img fetchpriority=\"high\" decoding=\"async\" class=\"alignnone size-medium wp-image-4576\" src=\"https:\/\/www.radiolimari.cl\/wp-content\/uploads\/2021\/02\/22.2-Quiero-Mi-Barrio-8-de-julio-300x200.jpg\" alt=\"22.2 Quiero Mi Barrio 8 de julio\" width=\"300\" height=\"200\" srcset=\"https:\/\/www.radiolimari.cl\/wp-content\/uploads\/2021\/02\/22.2-Quiero-Mi-Barrio-8-de-julio-300x200.jpg 300w, https:\/\/www.radiolimari.cl\/wp-content\/uploads\/2021\/02\/22.2-Quiero-Mi-Barrio-8-de-julio-1024x682.jpg 1024w\" sizes=\"(max-width: 300px) 100vw, 300px\" \/><\/a><\/p>\n<p>Hasta hoy lunes 22 de febrero las vecinas y vecinos de la Poblaci\u00f3n 8 de Julio podr\u00e1n participar de un proceso de votaci\u00f3n ciudadana, instancia que les permitir\u00e1 elegir las obras que se ejecutar\u00e1n en su barrio pr\u00f3ximamente, y que se enmarcan en la implementaci\u00f3n del Programa Quiero Mi Barrio.<!--more--><\/p>\n<p>Dentro de las obras que puede elegir la comunidad, se encuentran: El mejoramiento de la multicancha, recuperaci\u00f3n de la plazoleta Los Gladiolos, construcci\u00f3n plazoleta Los Genarios, mejoramiento de circulaciones peatonales, recuperaci\u00f3n de la plazoleta Los Lirios, construcci\u00f3n de refugios peatonales, mejoramiento sede vecinal y pavimentaci\u00f3n de la plaza Los Nogales.<\/p>\n<p>Los profesionales que participan del programa han recorrido diariamente la poblaci\u00f3n, entreg\u00e1ndole un cuadernillo con los proyectos a cada vecino, quienes han podido decidir en familia las obras que desean priorizar.<\/p>\n<p>\u201cEs muy importante que la comunidad participe, ya que se trata de mejoramientos y construcciones que se ejecutar\u00e1n en su propio barrio y que buscan mejorar la calidad de vida de las vecinas y vecinos, por lo que su opini\u00f3n es muy importante\u201d, indic\u00f3 el alcalde de Ovalle, Claudio Renter\u00eda.<\/p>\n<p>\u00c1lvaro Millahuala, encargado de Obras del Programa Quiero Mi Barrio en la Poblaci\u00f3n 8 de Julio, invit\u00f3 a los vecinos \u201ca ser part\u00edcipes de este proceso democr\u00e1tico que les permite elegir los proyectos que ser\u00e1n priorizados para mejorar la poblaci\u00f3n\u201d. Para ello se dispone con un stand informativo en la plaza Los Nogales, al que los vecinos pueden acercarse a retirar su cuadernillo con toda la informaci\u00f3n de los proyectos.<\/p>\n<p><strong>Programa Quiero Mi Barrio<\/strong><\/p>\n<p>Recordemos, que la poblaci\u00f3n 8 de julio fue favorecida con el programa Quiero Mi Barrio, lo que significar\u00e1 una inversi\u00f3n total de 788 millones de pesos y en este trabajo es fundamental la participaci\u00f3n de los vecinos.<\/p>\n<p>Actualmente, en el sector residencial viven alrededor de 1.040 habitantes distribuidos en 20 manzanas y es el \u00fanico barrio de la regi\u00f3n que fue seleccionado en el llamado regular del a\u00f1o 2019 del programa Quiero mi Barrio, lo que permitir\u00e1 darle una nueva imagen al sector y mejorar la calidad de vida de sus residentes.<\/p>\n<p>El programa se iniciar\u00e1 con la denominada \u201cObra de Confianza\u201d, que ser\u00e1 la implementaci\u00f3n de luminarias LED en toda la zona residencial, gracias al financiamiento del MINVU por un monto de 40 millones de pesos y el aporte del municipio de Ovalle, que alcanza los 47 millones de pesos.<\/p>\n","protected":false},"excerpt":{"rendered":"<p>Hasta hoy lunes 22 de febrero las vecinas y vecinos de la Poblaci\u00f3n 8 de Julio podr\u00e1n participar de un proceso de votaci\u00f3n ciudadana, instancia que les permitir\u00e1 elegir las obras que se ejecutar\u00e1n en su barrio pr\u00f3ximamente, y que se enmarcan en la implementaci\u00f3n del Programa Quiero Mi Barrio.<\/p>\n","protected":false},"author":2,"featured_media":4576,"comment_status":"open","ping_status":"open","sticky":false,"template":"","format":"standard","meta":{"footnotes":""},"categories":[3],"tags":[],"class_list":["post-4575","post","type-post","status-publish","format-standard","has-post-thumbnail","hentry","category-actualidad"],"_links":{"self":[{"href":"https:\/\/www.radiolimari.cl\/index.php?rest_route=\/wp\/v2\/posts\/4575","targetHints":{"allow":["GET"]}}],"collection":[{"href":"https:\/\/www.radiolimari.cl\/index.php?rest_route=\/wp\/v2\/posts"}],"about":[{"href":"https:\/\/www.radiolimari.cl\/index.php?rest_route=\/wp\/v2\/types\/post"}],"author":[{"embeddable":true,"href":"https:\/\/www.radiolimari.cl\/index.php?rest_route=\/wp\/v2\/users\/2"}],"replies":[{"embeddable":true,"href":"https:\/\/www.radiolimari.cl\/index.php?rest_route=%2Fwp%2Fv2%2Fcomments&post=4575"}],"version-history":[{"count":1,"href":"https:\/\/www.radiolimari.cl\/index.php?rest_route=\/wp\/v2\/posts\/4575\/revisions"}],"predecessor-version":[{"id":4577,"href":"https:\/\/www.radiolimari.cl\/index.php?rest_route=\/wp\/v2\/posts\/4575\/revisions\/4577"}],"wp:featuredmedia":[{"embeddable":true,"href":"https:\/\/www.radiolimari.cl\/index.php?rest_route=\/wp\/v2\/media\/4576"}],"wp:attachment":[{"href":"https:\/\/www.radiolimari.cl\/index.php?rest_route=%2Fwp%2Fv2%2Fmedia&parent=4575"}],"wp:term":[{"taxonomy":"category","embeddable":true,"href":"https:\/\/www.radiolimari.cl\/index.php?rest_route=%2Fwp%2Fv2%2Fcategories&post=4575"},{"taxonomy":"post_tag","embeddable":true,"href":"https:\/\/www.radiolimari.cl\/index.php?rest_route=%2Fwp%2Fv2%2Ftags&post=4575"}],"curies":[{"name":"wp","href":"https:\/\/api.w.org\/{rel}","templated":true}]}}