{"id":4572,"date":"2021-02-22T14:34:01","date_gmt":"2021-02-22T14:34:01","guid":{"rendered":"http:\/\/www.radiolimari.cl\/?p=4572"},"modified":"2021-02-22T14:34:01","modified_gmt":"2021-02-22T14:34:01","slug":"ovalle-lidera-en-la-region-sistemas-de-autogeneracion-con-energias-renovables","status":"publish","type":"post","link":"https:\/\/www.radiolimari.cl\/?p=4572","title":{"rendered":"Ovalle lidera en la regi\u00f3n sistemas de autogeneraci\u00f3n con energ\u00edas renovables"},"content":{"rendered":"<p><a href=\"https:\/\/www.radiolimari.cl\/wp-content\/uploads\/2021\/02\/22.2-NET-BILLING-CONEXIONES-copia.jpg\"><img fetchpriority=\"high\" decoding=\"async\" class=\"alignnone size-medium wp-image-4573\" src=\"https:\/\/www.radiolimari.cl\/wp-content\/uploads\/2021\/02\/22.2-NET-BILLING-CONEXIONES-copia-300x200.jpg\" alt=\"22.2 NET BILLING CONEXIONES - copia\" width=\"300\" height=\"200\" srcset=\"https:\/\/www.radiolimari.cl\/wp-content\/uploads\/2021\/02\/22.2-NET-BILLING-CONEXIONES-copia-300x200.jpg 300w, https:\/\/www.radiolimari.cl\/wp-content\/uploads\/2021\/02\/22.2-NET-BILLING-CONEXIONES-copia.jpg 1024w\" sizes=\"(max-width: 300px) 100vw, 300px\" \/><\/a><\/p>\n<p style=\"font-weight: 400;\"><strong>Regi\u00f3n aument\u00f3 a 5.500 kW sistemas de\u00a0autogeneraci\u00f3n con energ\u00edas renovables.\u00a0\u00a0<\/strong><strong>*Seremi de Energ\u00eda, \u00c1lvaro Herrera, precis\u00f3 que la mayor cantidad de conexiones reflejan el impacto positivo de las modificaciones impulsadas por el Gobierno.<\/strong><!--more--><\/p>\n<p style=\"font-weight: 400;\">Cerca de 18 mil paneles solares por una capacidad de 5.530 kilowatts se encuentran inscritos bajo la ley de generaci\u00f3n domiciliaria, normativa que permite el autoconsumo de energ\u00eda con tecnolog\u00edas renovables y la entrega de excedentes a la red de distribuci\u00f3n.<\/p>\n<p style=\"font-weight: 400;\">Es as\u00ed como en 2020 la Regi\u00f3n de Coquimbo anot\u00f3 una cifra r\u00e9cord en la capacidad de conexiones en viviendas, comercios, empresas y edificaciones p\u00fablicas, equivalentes a 2.670 kilowatts, los que sumados a las instalaciones en funcionamiento desde la entrada en vigencia de la ley, superan los 5.500 kW.<\/p>\n<p style=\"font-weight: 400;\">Lo anterior ha sido producto de las modificaciones legales impulsadas por el Gobierno y el Ministerio de Energ\u00eda y que permiten el aumento en la instalaci\u00f3n de sistemas renovables (fotovoltaico, e\u00f3lico, biomasa o mini-hidro) por hasta 300 kW de potencia para auto-consumir esa energ\u00eda, y en caso de registrar excedentes, entregarlos al sistema de distribuci\u00f3n, recibiendo una compensaci\u00f3n reflejada en la boleta de luz.<\/p>\n<p style=\"font-weight: 400;\">La Superintendencia de Electricidad y Combustibles (SEC) contabiliza 167 instalaciones inscritas en la mayor\u00eda de las comunas de la Regi\u00f3n, y las que presentan mayor capacidad de generaci\u00f3n se ubican en Ovalle, Monte Patria, Combarbal\u00e1, Vicu\u00f1a y La Serena.<\/p>\n<p style=\"font-weight: 400;\">De acuerdo a las cifras, Ovalle es la comuna con mayor capacidad inscrita (2.622 kW), y a nivel provincial Limar\u00ed es la que registra la mayor potencia conectada, con 4.157 kW, mientras que Elqui anota 1.012 kW y Choapa 360 kW. La capacidad total inscrita en la Regi\u00f3n de Coquimbo es equivalente al consumo promedio de 5 mil viviendas en un a\u00f1o.<\/p>\n<p style=\"font-weight: 400;\">\u201cEl aumento en la cantidad de instalaciones declaradas son resultado de las modificaciones impulsadas por el Gobierno, para estimular la autogeneraci\u00f3n domiciliaria sobre todo en nuestra zona, donde se presentan las condiciones de radiaci\u00f3n solar para la incorporaci\u00f3n de estos sistemas a la red, aprovechando el marco legislativo vigente y siendo un aporte al medio ambiente\u201d, subray\u00f3 el Seremi de Energ\u00eda, \u00c1lvaro Herrera.<\/p>\n<p style=\"font-weight: 400;\">Seg\u00fan las estimaciones del Ministerio de Energ\u00eda, con la instalaci\u00f3n de un sistema renovable (principalmente fotovoltaico) una familia podr\u00eda ahorrar hasta 300 mil pesos en un a\u00f1o, lo que representa un 70 ciento de la cuenta mensual de electricidad.<\/p>\n<p style=\"font-weight: 400;\">La modificaci\u00f3n de la ley 21.118 permite que las personas, negocios o empresas instalen sistemas de generaci\u00f3n de energ\u00eda renovable hasta por 300 kW (unos 1.000 paneles solares), que el descuento de la facturaci\u00f3n no impacte s\u00f3lo al \u00edtem consumo de energ\u00eda, sino que a todos los cargos de la boleta, que se autorice la propiedad conjunta entre clientes para lograr descuentos en los cobros. Tambi\u00e9n se considera que si se registran excedentes el propietario los pueda recibir en un pago o descontarse al final del a\u00f1o.<\/p>\n<p style=\"font-weight: 400;\">Asimismo, el Ministerio de Energ\u00eda promueve la posibilidad de instalar sistemas de energ\u00eda fotovoltaica en viviendas, comercios y negocios, a trav\u00e9s del cr\u00e9dito verde, en alianza con Banco Estado, para aprovechar los beneficios de la ley, a tasa preferencial.<\/p>\n","protected":false},"excerpt":{"rendered":"<p>Regi\u00f3n aument\u00f3 a 5.500 kW sistemas de\u00a0autogeneraci\u00f3n con energ\u00edas renovables.\u00a0\u00a0*Seremi de Energ\u00eda, \u00c1lvaro Herrera, precis\u00f3 que la mayor cantidad de conexiones reflejan el impacto positivo de las modificaciones impulsadas por el Gobierno.<\/p>\n","protected":false},"author":2,"featured_media":4573,"comment_status":"open","ping_status":"open","sticky":false,"template":"","format":"standard","meta":{"footnotes":""},"categories":[5],"tags":[],"class_list":["post-4572","post","type-post","status-publish","format-standard","has-post-thumbnail","hentry","category-actualidad-limarina"],"_links":{"self":[{"href":"https:\/\/www.radiolimari.cl\/index.php?rest_route=\/wp\/v2\/posts\/4572","targetHints":{"allow":["GET"]}}],"collection":[{"href":"https:\/\/www.radiolimari.cl\/index.php?rest_route=\/wp\/v2\/posts"}],"about":[{"href":"https:\/\/www.radiolimari.cl\/index.php?rest_route=\/wp\/v2\/types\/post"}],"author":[{"embeddable":true,"href":"https:\/\/www.radiolimari.cl\/index.php?rest_route=\/wp\/v2\/users\/2"}],"replies":[{"embeddable":true,"href":"https:\/\/www.radiolimari.cl\/index.php?rest_route=%2Fwp%2Fv2%2Fcomments&post=4572"}],"version-history":[{"count":1,"href":"https:\/\/www.radiolimari.cl\/index.php?rest_route=\/wp\/v2\/posts\/4572\/revisions"}],"predecessor-version":[{"id":4574,"href":"https:\/\/www.radiolimari.cl\/index.php?rest_route=\/wp\/v2\/posts\/4572\/revisions\/4574"}],"wp:featuredmedia":[{"embeddable":true,"href":"https:\/\/www.radiolimari.cl\/index.php?rest_route=\/wp\/v2\/media\/4573"}],"wp:attachment":[{"href":"https:\/\/www.radiolimari.cl\/index.php?rest_route=%2Fwp%2Fv2%2Fmedia&parent=4572"}],"wp:term":[{"taxonomy":"category","embeddable":true,"href":"https:\/\/www.radiolimari.cl\/index.php?rest_route=%2Fwp%2Fv2%2Fcategories&post=4572"},{"taxonomy":"post_tag","embeddable":true,"href":"https:\/\/www.radiolimari.cl\/index.php?rest_route=%2Fwp%2Fv2%2Ftags&post=4572"}],"curies":[{"name":"wp","href":"https:\/\/api.w.org\/{rel}","templated":true}]}}