{"id":4565,"date":"2021-02-19T17:54:16","date_gmt":"2021-02-19T17:54:16","guid":{"rendered":"http:\/\/www.radiolimari.cl\/?p=4565"},"modified":"2021-02-19T17:54:16","modified_gmt":"2021-02-19T17:54:16","slug":"municipio-de-ovalle-ha-construido-18-gimnasios-techados-para-escuelas-de-la-comuna","status":"publish","type":"post","link":"https:\/\/www.radiolimari.cl\/?p=4565","title":{"rendered":"Municipio de Ovalle ha construido 18 gimnasios techados para escuelas de la comuna"},"content":{"rendered":"<p><a href=\"https:\/\/www.radiolimari.cl\/wp-content\/uploads\/2021\/02\/19.2-Techados-2.jpg\"><img fetchpriority=\"high\" decoding=\"async\" class=\"alignnone size-medium wp-image-4566\" src=\"https:\/\/www.radiolimari.cl\/wp-content\/uploads\/2021\/02\/19.2-Techados-2-300x225.jpg\" alt=\"19.2 Techados 2\" width=\"300\" height=\"225\" srcset=\"https:\/\/www.radiolimari.cl\/wp-content\/uploads\/2021\/02\/19.2-Techados-2-300x225.jpg 300w, https:\/\/www.radiolimari.cl\/wp-content\/uploads\/2021\/02\/19.2-Techados-2-1024x768.jpg 1024w\" sizes=\"(max-width: 300px) 100vw, 300px\" \/><\/a><\/p>\n<p><strong><em>M\u00e1s de cinco mil estudiantes se ver\u00e1n beneficiados con esta iniciativa, la que promueve el trabajo pedag\u00f3gico en los establecimientos educacionales y la formaci\u00f3n integral de las comunidades educativas.<\/em><\/strong><!--more--><\/p>\n<p>La construcci\u00f3n de gimnasios techados en Ovalle se ha convertido en un proyecto ampliamente valorado por las comunidades escolares. Una iniciativa presentada por el alcalde Claudio Renter\u00eda, y aprobada por unanimidad por el Concejo Comunal, la que ha permitido dotar a escuelas urbanas y rurales de nuestra comuna, con una amplia y s\u00f3lida infraestructura para el desarrollo de actividades deportivas y recreativas en los establecimientos educacionales.<\/p>\n<p>Durante el periodo 2019-2020, un total de 18 recintos educativos han visto mejorada su infraestructura exterior, mediante la construcci\u00f3n de recintos deportivos techados, iniciativa que fomenta la participaci\u00f3n para la formaci\u00f3n integral de los estudiantes.<\/p>\n<p>M\u00e1s 1.200 millones de pesos ser\u00e1n destinados para la construcci\u00f3n de estos techados, beneficiando a m\u00e1s 5 mil estudiantes. Una iniciativa de alto impacto que no termina all\u00ed, puesto que el alcalde Claudio Renter\u00eda, en una sesi\u00f3n del Concejo Municipal, anunci\u00f3 que se construir\u00e1n otros once gimnasios a futuro.<\/p>\n<p>\u201cEsta era una aspiraci\u00f3n muy sentida por parte de las comunidades escolares, y una obra que les da mayores oportunidades de encuentro y colaboraci\u00f3n, beneficiando a estudiantes, profesores y apoderados, aumentando as\u00ed el grado de involucramiento de todos los integrantes de la comunidad educativa\u201d, expres\u00f3 el alcalde y sostenedor del sistema educativo municipal, Claudio Renter\u00eda Larrondo.<\/p>\n<p><strong>Recintos educacionales de Ovalle que cuentan con techados <\/strong><\/p>\n<p>Los establecimientos que ya cuentan con esta infraestructura son la escuela Helen Lang, escuela Antonio Tirado Lanas de la poblaci\u00f3n Arizt\u00eda, escuela Guardiamarina Ernesto Riquelme Venegas de la poblaci\u00f3n 21 de mayo, escuela Oscar Araya Molina de la villa San Luis, escuela Bernardo O\u2019Higgins de La Chimba y Colegio de Artes Eliseo Videla Jorquera. A estos se suman, la escuela Padre Joseph Stegmeier de Sotaqui, \u00a0escuela Vista Hermosa, Colegio Arturo Villal\u00f3n de Cerrillos de Tamaya, escuela Pedro Enrique Alfonso Barrios de Cerrillos Pobre, escuela Aurora de Chile de Nueva Aurora, escuela Lucia Nu\u00f1ez de la Cuadra de La Torre, escuela de Los Olivos, escuela Heberto Vel\u00e1squez de Huamalata, escuela Valent\u00edn Letelier de Villaseca, Colegio Fray Jorge, Colegio de Administraci\u00f3n y Comercio El Ingenio y la escuela de Alcones Bajos.<\/p>\n<p>&nbsp;<\/p>\n","protected":false},"excerpt":{"rendered":"<p>M\u00e1s de cinco mil estudiantes se ver\u00e1n beneficiados con esta iniciativa, la que promueve el trabajo pedag\u00f3gico en los establecimientos educacionales y la formaci\u00f3n integral de las comunidades educativas.<\/p>\n","protected":false},"author":2,"featured_media":4566,"comment_status":"open","ping_status":"open","sticky":false,"template":"","format":"standard","meta":{"footnotes":""},"categories":[5],"tags":[],"class_list":["post-4565","post","type-post","status-publish","format-standard","has-post-thumbnail","hentry","category-actualidad-limarina"],"_links":{"self":[{"href":"https:\/\/www.radiolimari.cl\/index.php?rest_route=\/wp\/v2\/posts\/4565","targetHints":{"allow":["GET"]}}],"collection":[{"href":"https:\/\/www.radiolimari.cl\/index.php?rest_route=\/wp\/v2\/posts"}],"about":[{"href":"https:\/\/www.radiolimari.cl\/index.php?rest_route=\/wp\/v2\/types\/post"}],"author":[{"embeddable":true,"href":"https:\/\/www.radiolimari.cl\/index.php?rest_route=\/wp\/v2\/users\/2"}],"replies":[{"embeddable":true,"href":"https:\/\/www.radiolimari.cl\/index.php?rest_route=%2Fwp%2Fv2%2Fcomments&post=4565"}],"version-history":[{"count":1,"href":"https:\/\/www.radiolimari.cl\/index.php?rest_route=\/wp\/v2\/posts\/4565\/revisions"}],"predecessor-version":[{"id":4567,"href":"https:\/\/www.radiolimari.cl\/index.php?rest_route=\/wp\/v2\/posts\/4565\/revisions\/4567"}],"wp:featuredmedia":[{"embeddable":true,"href":"https:\/\/www.radiolimari.cl\/index.php?rest_route=\/wp\/v2\/media\/4566"}],"wp:attachment":[{"href":"https:\/\/www.radiolimari.cl\/index.php?rest_route=%2Fwp%2Fv2%2Fmedia&parent=4565"}],"wp:term":[{"taxonomy":"category","embeddable":true,"href":"https:\/\/www.radiolimari.cl\/index.php?rest_route=%2Fwp%2Fv2%2Fcategories&post=4565"},{"taxonomy":"post_tag","embeddable":true,"href":"https:\/\/www.radiolimari.cl\/index.php?rest_route=%2Fwp%2Fv2%2Ftags&post=4565"}],"curies":[{"name":"wp","href":"https:\/\/api.w.org\/{rel}","templated":true}]}}