{"id":4556,"date":"2021-02-17T17:41:14","date_gmt":"2021-02-17T17:41:14","guid":{"rendered":"http:\/\/www.radiolimari.cl\/?p=4556"},"modified":"2021-02-17T17:41:14","modified_gmt":"2021-02-17T17:41:14","slug":"en-ovalle-profesores-menores-de-60-anos-podran-vacunarse-desde-el-22-de-febrero","status":"publish","type":"post","link":"https:\/\/www.radiolimari.cl\/?p=4556","title":{"rendered":"En Ovalle Profesores menores de 60 a\u00f1os podr\u00e1n vacunarse desde el 22 de febrero"},"content":{"rendered":"<p><a href=\"https:\/\/www.radiolimari.cl\/wp-content\/uploads\/2021\/02\/17.2-Vacunaci\u00f3n-22-de-febrero-2021.jpg\"><img fetchpriority=\"high\" decoding=\"async\" class=\"alignnone size-medium wp-image-4557\" src=\"https:\/\/www.radiolimari.cl\/wp-content\/uploads\/2021\/02\/17.2-Vacunaci\u00f3n-22-de-febrero-2021-300x199.jpg\" alt=\"17.2 Vacunaci\u00f3n 22 de febrero 2021\" width=\"300\" height=\"199\" srcset=\"https:\/\/www.radiolimari.cl\/wp-content\/uploads\/2021\/02\/17.2-Vacunaci\u00f3n-22-de-febrero-2021-300x199.jpg 300w, https:\/\/www.radiolimari.cl\/wp-content\/uploads\/2021\/02\/17.2-Vacunaci\u00f3n-22-de-febrero-2021-1024x682.jpg 1024w, https:\/\/www.radiolimari.cl\/wp-content\/uploads\/2021\/02\/17.2-Vacunaci\u00f3n-22-de-febrero-2021.jpg 1280w\" sizes=\"(max-width: 300px) 100vw, 300px\" \/><\/a><\/p>\n<p><strong><em>La semana entre el 22 y el 26 de febrero se podr\u00e1n vacunar las educadoras de p\u00e1rvulos y el personal que se desempe\u00f1a como asistente de la educaci\u00f3n, manipuladoras de alimentos y administrativos que tienen entre 40 y 59 a\u00f1os. <\/em><\/strong><!--more--><\/p>\n<p>Desde el pr\u00f3ximo 22 de febrero se inicia la vacunaci\u00f3n para profesores, educadores de p\u00e1rvulos, asistentes de la educaci\u00f3n y personal administrativo de los establecimientos educacionales, menores de 60 a\u00f1os.<\/p>\n<p>Es as\u00ed como el 22 de febrero ser\u00e1n inoculadas las personas vinculadas con el \u00e1mbito educativo, que tengan entre los 55 y los 59 a\u00f1os. El martes 23 ser\u00e1 el turno de los trabajadores de la educaci\u00f3n de 50 a 54 a\u00f1os y el mi\u00e9rcoles 24 de febrero le corresponder\u00e1 a quienes tengan entre los 45 y 49 a\u00f1os. Finalmente, el jueves 25 de febrero ser\u00e1n vacunadas las personas de 40 a 44 a\u00f1os.<\/p>\n<p>El Ministerio de Salud inform\u00f3 adem\u00e1s que el d\u00eda viernes 26 se atender\u00e1 a todos los rezagados de la semana, es decir, personas que trabajen en los establecimientos educacionales y que por diversos motivos no hayan acudido a la vacunaci\u00f3n el d\u00eda que les corresponde.<\/p>\n<p>Para acreditar su calidad de trabajadores de la educaci\u00f3n en el recinto de vacunaci\u00f3n, los funcionarios podr\u00e1n presentar su contrato de trabajo o un documento similar y, en caso de no poseerlo, podr\u00e1n descargar un certificado en\u00a0<a href=\"https:\/\/tramites.mineduc.cl\/home\/procesos\/5\">https:\/\/tramites.mineduc.cl\/home\/procesos\/5<\/a>\u00a0, con su Clave \u00danica.<\/p>\n<p>\u201cHemos dispuesto de nuestro personal de Salud en el Estadio Municipal Diaguita de Ovalle, con la finalidad de desarrollar un proceso r\u00e1pido y expedito y hasta hemos tenido buenos resultados. Hasta el momento, contamos con un poco de m\u00e1s de 12 mil personas vacunadas, hecho que nos tiene muy satisfechos\u201d sostuvo el alcalde de Ovalle, Claudio Renter\u00eda. La autoridad comunal hizo un llamado a las personas, sobretodo adultos mayores, que, por diversos motivos, no pudieron vacunarse el d\u00eda que les correspond\u00eda, \u201cque se acerquen sin problemas a nuestro centro de vacunaci\u00f3n, donde disponemos de personal de Salud, para que reciban esta primera dosis y en 28 d\u00edas, se les suministre la segunda dosis\u201d.<\/p>\n<p>Las personas que asisten al recinto deportivo de Avenida La Chimba ingresan, entregan sus datos personales, pasan a un m\u00f3dulo de vacunaci\u00f3n donde son inoculados y luego deben permanecer 30 minutos en el lugar. Se le entregar\u00e1 un carnet, el cual deber\u00e1n presentar en 28 d\u00edas para recibir su segunda vacuna, con el que se cierra el ciclo de protecci\u00f3n.<\/p>\n<p>&nbsp;<\/p>\n<p>&nbsp;<\/p>\n","protected":false},"excerpt":{"rendered":"<p>La semana entre el 22 y el 26 de febrero se podr\u00e1n vacunar las educadoras de p\u00e1rvulos y el personal que se desempe\u00f1a como asistente de la educaci\u00f3n, manipuladoras de alimentos y administrativos que tienen entre 40 y 59 a\u00f1os.<\/p>\n","protected":false},"author":2,"featured_media":4557,"comment_status":"open","ping_status":"open","sticky":false,"template":"","format":"standard","meta":{"footnotes":""},"categories":[5],"tags":[],"class_list":["post-4556","post","type-post","status-publish","format-standard","has-post-thumbnail","hentry","category-actualidad-limarina"],"_links":{"self":[{"href":"https:\/\/www.radiolimari.cl\/index.php?rest_route=\/wp\/v2\/posts\/4556","targetHints":{"allow":["GET"]}}],"collection":[{"href":"https:\/\/www.radiolimari.cl\/index.php?rest_route=\/wp\/v2\/posts"}],"about":[{"href":"https:\/\/www.radiolimari.cl\/index.php?rest_route=\/wp\/v2\/types\/post"}],"author":[{"embeddable":true,"href":"https:\/\/www.radiolimari.cl\/index.php?rest_route=\/wp\/v2\/users\/2"}],"replies":[{"embeddable":true,"href":"https:\/\/www.radiolimari.cl\/index.php?rest_route=%2Fwp%2Fv2%2Fcomments&post=4556"}],"version-history":[{"count":1,"href":"https:\/\/www.radiolimari.cl\/index.php?rest_route=\/wp\/v2\/posts\/4556\/revisions"}],"predecessor-version":[{"id":4558,"href":"https:\/\/www.radiolimari.cl\/index.php?rest_route=\/wp\/v2\/posts\/4556\/revisions\/4558"}],"wp:featuredmedia":[{"embeddable":true,"href":"https:\/\/www.radiolimari.cl\/index.php?rest_route=\/wp\/v2\/media\/4557"}],"wp:attachment":[{"href":"https:\/\/www.radiolimari.cl\/index.php?rest_route=%2Fwp%2Fv2%2Fmedia&parent=4556"}],"wp:term":[{"taxonomy":"category","embeddable":true,"href":"https:\/\/www.radiolimari.cl\/index.php?rest_route=%2Fwp%2Fv2%2Fcategories&post=4556"},{"taxonomy":"post_tag","embeddable":true,"href":"https:\/\/www.radiolimari.cl\/index.php?rest_route=%2Fwp%2Fv2%2Ftags&post=4556"}],"curies":[{"name":"wp","href":"https:\/\/api.w.org\/{rel}","templated":true}]}}