{"id":4554,"date":"2021-02-17T17:21:30","date_gmt":"2021-02-17T17:21:30","guid":{"rendered":"http:\/\/www.radiolimari.cl\/?p=4554"},"modified":"2021-02-17T17:21:30","modified_gmt":"2021-02-17T17:21:30","slug":"coronavirus-miercoles-17-de-febrero-59-nuevos-casos-en-la-region-de-coquimbo","status":"publish","type":"post","link":"https:\/\/www.radiolimari.cl\/?p=4554","title":{"rendered":"#CoronaVirus, Mi\u00e9rcoles 17 de Febrero: 59 nuevos casos en la regi\u00f3n de Coquimbo"},"content":{"rendered":"<p><a href=\"https:\/\/www.radiolimari.cl\/wp-content\/uploads\/2021\/02\/NOTICIAS-EN-LIMARI-ULTIMA-HORA-CORONA-VIRUS-20.07.2020.jpg\"><img decoding=\"async\" class=\"alignnone size-medium wp-image-4492\" src=\"https:\/\/www.radiolimari.cl\/wp-content\/uploads\/2021\/02\/NOTICIAS-EN-LIMARI-ULTIMA-HORA-CORONA-VIRUS-20.07.2020-300x150.jpg\" alt=\"NOTICIAS EN LIMARI ULTIMA HORA CORONA VIRUS 20.07.2020\" width=\"300\" height=\"150\" srcset=\"https:\/\/www.radiolimari.cl\/wp-content\/uploads\/2021\/02\/NOTICIAS-EN-LIMARI-ULTIMA-HORA-CORONA-VIRUS-20.07.2020-300x150.jpg 300w, https:\/\/www.radiolimari.cl\/wp-content\/uploads\/2021\/02\/NOTICIAS-EN-LIMARI-ULTIMA-HORA-CORONA-VIRUS-20.07.2020-1024x512.jpg 1024w, https:\/\/www.radiolimari.cl\/wp-content\/uploads\/2021\/02\/NOTICIAS-EN-LIMARI-ULTIMA-HORA-CORONA-VIRUS-20.07.2020.jpg 1148w\" sizes=\"(max-width: 300px) 100vw, 300px\" \/><\/a><\/p>\n<p><strong>Autoridades realizan llamado a respetar el calendario de vacunaci\u00f3n contra el Covid_19<\/strong><!--more--><\/p>\n<p>En un nuevo balance sanitario regional, las autoridades de Salud reiteraron el llamado a respetar el calendario de vacunaci\u00f3n contra el Covid_19 del Ministerio de Salud.<\/p>\n<p>\u201cEs fundamental el apoyo de los municipios y de toda la poblaci\u00f3n para no adelantarnos en este proceso ya que no queremos quedarnos sin stock de vacunas ni tampoco tener grandes aglomeraciones en los 56 puntos de vacunaci\u00f3n habilitados en la regi\u00f3n de Coquimbo. Reiterar que una persona que no est\u00e9 en los grupos prioritarios no podr\u00e1 vacunarse\u201d, explic\u00f3 la Seremi (S) de Salud, Andrea Vel\u00e1squez.<\/p>\n<p>En la presente jornada se continu\u00f3 con inoculaci\u00f3n a adultos mayores, personal de las Fuerzas Armadas y Orden, funcionarios p\u00fablicos y profesores mayores de 60 a\u00f1os. \u201cHacemos un llamado a respetar el calendario porque necesitamos asegurar la cantidad de vacunas para todas las personas que est\u00e9n incluidas en los grupos priorizados. Llamar a la tranquilidad a la poblaci\u00f3n porque van a existir dosis de vacunas para todos, pero en estos momentos la vacunaci\u00f3n se debe realizar en forma gradual\u201d, agreg\u00f3 la Gerenta Regional del Programa Nacional de Inmunizaciones de la Seremi de Salud, Karen Gallardo.<\/p>\n<p>&nbsp;<\/p>\n<p><strong>Red Asistencial logra aumentar a 87 sus camas UCI como en el peak de la primera ola<\/strong><strong>\u00a0<\/strong><\/p>\n<p>En relaci\u00f3n con el detalle de casos nuevos, se informan 59 casos de Covid, 18 de ellos de la comuna de La Serena, 21 de Coquimbo, 1 de Andacollo, 1 de Paihuano, 3 de Vicu\u00f1a, 2 de Illapel, 1 de Canela, 2 de Salamanca, 4 de Ovalle, 1 de Combarbal\u00e1, 2 de Punitaqui, 1 de otra regi\u00f3n y 2 sin notificaci\u00f3n en el sistema Epivigila. Con esto, se llega a un total de 19.171 casos acumulados, de los cuales 709 se mantienen con contagio activo a nivel regional.<strong>\u00a0<\/strong><\/p>\n<p>El Director (S) del Servicio de Salud Coquimbo, Edgardo Gonz\u00e1lez, entreg\u00f3 el balance de la Red Asistencial, informando que, tras un gran esfuerzo de los funcionarios de salud, se logr\u00f3 aumentar el n\u00famero de camas UCI para llegar a la misma dotaci\u00f3n alcanzada durante el peak el a\u00f1o pasado. \u201cQueremos comenzar este reporte informando que la Red Asistencial de la Regi\u00f3n de Coquimbo, conformada por nuestros 9 hospitales y la cl\u00ednica Red Salud Elqui, logr\u00f3 aumentar a 87 sus camas de las Unidades de Cuidados Intensivos. Este es el mismo n\u00famero que se alcanz\u00f3 en el peak de la primera ola del Covid y que nos permiti\u00f3 hacer frente a la pandemia en la regi\u00f3n. Sobre la disponibilidad de estas camas, actualmente se cuenta con 4 UCI y 11 UTI, las que suman 15 camas disponibles en la Unidad de Paciente Cr\u00edtico\u201d, se\u00f1al\u00f3.<\/p>\n<p>En cuanto al n\u00famero de personas internadas, la autoridad detall\u00f3 que \u201ccontamos con 855 hospitalizados en la Red Asistencial y 152 se encuentran internadas producto del Covid, de las cuales 52 permanecen graves y con requerimiento de ventilaci\u00f3n mec\u00e1nica: 14 en el Hospital de Coquimbo, 17 en el Hospital de La Serena, 17 en el Hospital de Ovalle y 4 en la Cl\u00ednica Red Salud Elqui\u201d. Finalmente, sobre la situaci\u00f3n de los trabajadores de salud de la regi\u00f3n, se inform\u00f3 que 23 funcionarios de los hospitales y del Servicio de Salud Coquimbo han dado positivo al virus, y 45 se encuentran en cuarentena. Mientras que, en la Atenci\u00f3n Primaria de Salud, 14 funcionarios han dado positivo al virus y 26 se mantienen en cuarentena.<\/p>\n<p>&nbsp;<\/p>\n<p><strong>BALANCE REGI\u00d3N DE COQUIMBO<\/strong><\/p>\n<p><strong>Mi\u00e9rcoles 17 de Febrero 2021<\/strong><\/p>\n<p>59 casos nuevos<\/p>\n<p>19.171 casos acumulados<\/p>\n<p>709 casos activos<\/p>\n<p>377 fallecidos<\/p>\n<p>152 pacientes hospitalizados y 52 en ventilaci\u00f3n mec\u00e1nica<\/p>\n<p>Residencias Sanitarias: 87% de ocupaci\u00f3n<\/p>\n<p>Detalle Casos Nuevos:<\/p>\n<ul>\n<li>18 de La Serena<\/li>\n<li>21 de Coquimbo<\/li>\n<li>01 de Andacollo<\/li>\n<li>01 de Paihuano<\/li>\n<li>03 de Vicu\u00f1a<\/li>\n<li>02 de Illapel<\/li>\n<li>01 de Canela<\/li>\n<li>02 de Salamanca<\/li>\n<li>04 de Ovalle<\/li>\n<li>01 de Combarbal\u00e1<\/li>\n<li>02 de Punitaqui<\/li>\n<li>01 de otras regiones<\/li>\n<li>02 casos sin notificaci\u00f3n en el sistema Epivigila<\/li>\n<\/ul>\n","protected":false},"excerpt":{"rendered":"<p>Autoridades realizan llamado a respetar el calendario de vacunaci\u00f3n contra el Covid_19<\/p>\n","protected":false},"author":2,"featured_media":4492,"comment_status":"open","ping_status":"open","sticky":false,"template":"","format":"standard","meta":{"footnotes":""},"categories":[3],"tags":[],"class_list":["post-4554","post","type-post","status-publish","format-standard","has-post-thumbnail","hentry","category-actualidad"],"_links":{"self":[{"href":"https:\/\/www.radiolimari.cl\/index.php?rest_route=\/wp\/v2\/posts\/4554","targetHints":{"allow":["GET"]}}],"collection":[{"href":"https:\/\/www.radiolimari.cl\/index.php?rest_route=\/wp\/v2\/posts"}],"about":[{"href":"https:\/\/www.radiolimari.cl\/index.php?rest_route=\/wp\/v2\/types\/post"}],"author":[{"embeddable":true,"href":"https:\/\/www.radiolimari.cl\/index.php?rest_route=\/wp\/v2\/users\/2"}],"replies":[{"embeddable":true,"href":"https:\/\/www.radiolimari.cl\/index.php?rest_route=%2Fwp%2Fv2%2Fcomments&post=4554"}],"version-history":[{"count":1,"href":"https:\/\/www.radiolimari.cl\/index.php?rest_route=\/wp\/v2\/posts\/4554\/revisions"}],"predecessor-version":[{"id":4555,"href":"https:\/\/www.radiolimari.cl\/index.php?rest_route=\/wp\/v2\/posts\/4554\/revisions\/4555"}],"wp:featuredmedia":[{"embeddable":true,"href":"https:\/\/www.radiolimari.cl\/index.php?rest_route=\/wp\/v2\/media\/4492"}],"wp:attachment":[{"href":"https:\/\/www.radiolimari.cl\/index.php?rest_route=%2Fwp%2Fv2%2Fmedia&parent=4554"}],"wp:term":[{"taxonomy":"category","embeddable":true,"href":"https:\/\/www.radiolimari.cl\/index.php?rest_route=%2Fwp%2Fv2%2Fcategories&post=4554"},{"taxonomy":"post_tag","embeddable":true,"href":"https:\/\/www.radiolimari.cl\/index.php?rest_route=%2Fwp%2Fv2%2Ftags&post=4554"}],"curies":[{"name":"wp","href":"https:\/\/api.w.org\/{rel}","templated":true}]}}