{"id":4551,"date":"2021-02-17T16:23:21","date_gmt":"2021-02-17T16:23:21","guid":{"rendered":"http:\/\/www.radiolimari.cl\/?p=4551"},"modified":"2021-02-17T16:23:21","modified_gmt":"2021-02-17T16:23:21","slug":"direccion-del-trabajo-y-municipalidad-de-paihuano-firman-convenio-de-colaboracion","status":"publish","type":"post","link":"https:\/\/www.radiolimari.cl\/?p=4551","title":{"rendered":"Direcci\u00f3n del Trabajo y municipalidad de Paihuano firman convenio de colaboraci\u00f3n"},"content":{"rendered":"<p><a href=\"https:\/\/www.radiolimari.cl\/wp-content\/uploads\/2021\/02\/17.2-trabajo.jpeg\"><img fetchpriority=\"high\" decoding=\"async\" class=\"alignnone size-medium wp-image-4552\" src=\"https:\/\/www.radiolimari.cl\/wp-content\/uploads\/2021\/02\/17.2-trabajo-300x225.jpeg\" alt=\"17.2 trabajo\" width=\"300\" height=\"225\" srcset=\"https:\/\/www.radiolimari.cl\/wp-content\/uploads\/2021\/02\/17.2-trabajo-300x225.jpeg 300w, https:\/\/www.radiolimari.cl\/wp-content\/uploads\/2021\/02\/17.2-trabajo-1024x768.jpeg 1024w, https:\/\/www.radiolimari.cl\/wp-content\/uploads\/2021\/02\/17.2-trabajo.jpeg 1280w\" sizes=\"(max-width: 300px) 100vw, 300px\" \/><\/a><\/p>\n<ul>\n<li><strong><em>El acuerdo permitir\u00e1 <\/em><\/strong><strong><em>acciones conjuntas para la difusi\u00f3n, capacitaci\u00f3n y orientaci\u00f3n a la comunidad en el \u00e1mbito de la normativa laboral vigente.<\/em><\/strong><\/li>\n<\/ul>\n<p><!--more--><\/p>\n<p>Un acuerdo de colaboraci\u00f3n firm\u00f3 la Direcci\u00f3n del Trabajo y el municipio de Paihuano, iniciativa pionera en la regi\u00f3n que busca acercar los servicios y productos de la instituci\u00f3n a las comunas m\u00e1s alejadas de la zona.<\/p>\n<p>Tanto el alcalde como el Director del Trabajo manifestaron su satisfacci\u00f3n por el acuerdo logrado que permitir\u00e1 realizar acciones en conjunto y establecer mesas de di\u00e1logo para fortalecer las relaciones laborales de los habitantes de la comuna y los empleadores locales.<\/p>\n<p>Al respecto el Director Regional del Trabajo, Rodrigo Fernandez, explic\u00f3 que \u201cel objetivo de este convenio nos va a permitir aunar las fuerzas y energ\u00edas entre el municipio espec\u00edficamente con la Omil y la Direcci\u00f3n del Trabajo para entregar mayores capacitaciones, m\u00e1s informaci\u00f3n laboral, adem\u00e1s de construir y levantar mesas de trabajo. En el fondo es que podamos tener mejor calidad de empleo en la comuna de Paihuano cumpliendo la normativa laboral, pero tambi\u00e9n mejorando las condiciones laborales por medio de las mesas de trabajo, de las mediaciones, que tambi\u00e9n son parte de las funciones y de los servicios y productos que tiene la Direcci\u00f3n del Trabajo\u201d.<\/p>\n<p>\u201cVemos con mucho entusiasmo este convenio, generalmente la comuna de Paihuano queda m\u00e1s alejada de las oficinas provinciales y con esto vamos a estar m\u00e1s presentes, por lo que agradezco al alcalde que ha guiado con mucha fuerza esta iniciativa porque \u00e9l ve de c\u00f3mo se puede desarrollar y mejorar la condici\u00f3n de los trabajadores y trabajadoras de la comuna\u201d, agreg\u00f3 Rodrigo Fernandez.<\/p>\n<p>Mientras que el alcalde de Paihuano Hern\u00e1n Ahumada dijo que, \u201cla importancia de este convenio radica en que se va a capacitar constantemente a los trabajadores y a empleadores, de cu\u00e1les son los derechos y deberes. La idea es evitar el conflicto entre las partes, mejorar las relaciones entre empleador y trabajadores de manera de poder tener un empleo de calidad que garantice el cumplimiento de los derechos de los trabajadores de nuestra comuna\u201d.<\/p>\n<p>El documento firmado en el presente mes en presencia de trabajadores y trabajadoras del Packing Fundo Agr\u00edcola Excer de la comuna de Paihuano, da cuenta de acciones conjuntas para la difusi\u00f3n, capacitaci\u00f3n y orientaci\u00f3n a la comunidad en el \u00e1mbito de la normativa laboral vigente y para la materializaci\u00f3n de un dialogo social fruct\u00edfero entres los actores laborales de la comuna.<\/p>\n","protected":false},"excerpt":{"rendered":"<p>El acuerdo permitir\u00e1 acciones conjuntas para la difusi\u00f3n, capacitaci\u00f3n y orientaci\u00f3n a la comunidad en el \u00e1mbito de la normativa laboral vigente.<\/p>\n","protected":false},"author":2,"featured_media":4552,"comment_status":"open","ping_status":"open","sticky":false,"template":"","format":"standard","meta":{"footnotes":""},"categories":[6],"tags":[],"class_list":["post-4551","post","type-post","status-publish","format-standard","has-post-thumbnail","hentry","category-regionales"],"_links":{"self":[{"href":"https:\/\/www.radiolimari.cl\/index.php?rest_route=\/wp\/v2\/posts\/4551","targetHints":{"allow":["GET"]}}],"collection":[{"href":"https:\/\/www.radiolimari.cl\/index.php?rest_route=\/wp\/v2\/posts"}],"about":[{"href":"https:\/\/www.radiolimari.cl\/index.php?rest_route=\/wp\/v2\/types\/post"}],"author":[{"embeddable":true,"href":"https:\/\/www.radiolimari.cl\/index.php?rest_route=\/wp\/v2\/users\/2"}],"replies":[{"embeddable":true,"href":"https:\/\/www.radiolimari.cl\/index.php?rest_route=%2Fwp%2Fv2%2Fcomments&post=4551"}],"version-history":[{"count":1,"href":"https:\/\/www.radiolimari.cl\/index.php?rest_route=\/wp\/v2\/posts\/4551\/revisions"}],"predecessor-version":[{"id":4553,"href":"https:\/\/www.radiolimari.cl\/index.php?rest_route=\/wp\/v2\/posts\/4551\/revisions\/4553"}],"wp:featuredmedia":[{"embeddable":true,"href":"https:\/\/www.radiolimari.cl\/index.php?rest_route=\/wp\/v2\/media\/4552"}],"wp:attachment":[{"href":"https:\/\/www.radiolimari.cl\/index.php?rest_route=%2Fwp%2Fv2%2Fmedia&parent=4551"}],"wp:term":[{"taxonomy":"category","embeddable":true,"href":"https:\/\/www.radiolimari.cl\/index.php?rest_route=%2Fwp%2Fv2%2Fcategories&post=4551"},{"taxonomy":"post_tag","embeddable":true,"href":"https:\/\/www.radiolimari.cl\/index.php?rest_route=%2Fwp%2Fv2%2Ftags&post=4551"}],"curies":[{"name":"wp","href":"https:\/\/api.w.org\/{rel}","templated":true}]}}