{"id":4548,"date":"2021-02-17T14:10:01","date_gmt":"2021-02-17T14:10:01","guid":{"rendered":"http:\/\/www.radiolimari.cl\/?p=4548"},"modified":"2021-02-17T14:10:01","modified_gmt":"2021-02-17T14:10:01","slug":"virginia-alvarez-la-futura-fisica-o-astronoma-que-representara-a-ovalle-en-chile-y-en-el-mundo","status":"publish","type":"post","link":"https:\/\/www.radiolimari.cl\/?p=4548","title":{"rendered":"Virginia \u00c1lvarez, la futura F\u00edsica o Astr\u00f3noma que representar\u00e1 a Ovalle en Chile y en el mundo"},"content":{"rendered":"<p><a href=\"https:\/\/www.radiolimari.cl\/wp-content\/uploads\/2021\/02\/17.2-sernameg-estudiante.jpg\"><img fetchpriority=\"high\" decoding=\"async\" class=\"alignnone size-medium wp-image-4549\" src=\"https:\/\/www.radiolimari.cl\/wp-content\/uploads\/2021\/02\/17.2-sernameg-estudiante-300x225.jpg\" alt=\"17.2 sernameg estudiante\" width=\"300\" height=\"225\" srcset=\"https:\/\/www.radiolimari.cl\/wp-content\/uploads\/2021\/02\/17.2-sernameg-estudiante-300x225.jpg 300w, https:\/\/www.radiolimari.cl\/wp-content\/uploads\/2021\/02\/17.2-sernameg-estudiante-1024x768.jpg 1024w, https:\/\/www.radiolimari.cl\/wp-content\/uploads\/2021\/02\/17.2-sernameg-estudiante.jpg 1440w\" sizes=\"(max-width: 300px) 100vw, 300px\" \/><\/a><\/p>\n<p>Una futura astr\u00f3noma o f\u00edsica es el objetivo de Virginia Alvarez L\u00f3pez, estudiante de Ovalle que obtuvo \u00a0puntaje nacional en la Prueba de Transici\u00f3n Universitaria, con 850 puntos en Matem\u00e1ticas<!--more--><\/p>\n<p>La estudiante ya se inscribi\u00f3 en plan com\u00fan de Ingenier\u00eda de la Universidad de Chile donde espera optar m\u00e1s adelante por una de estas dos especialidades.<\/p>\n<p>A sus 18 a\u00f1os Virginia se ha le\u00eddo m\u00e1s de 200 libros, siendo uno de los m\u00e1s relevantes y que le marc\u00f3 su motivaci\u00f3n por la Ciencia, fue \u201cEl Mundo en una C\u00e1scara de Nuez\u201d de Stephen Hawknig.<\/p>\n<p>Virginia comenz\u00f3 su educaci\u00f3n pre escolar en el Jard\u00edn Laboral, \u201cEl Tren de los Ni\u00f1os\u201d, que pertenece a los trabajadores de la Feria Modelo, donde su madre hace a\u00f1os trabajaba en un puesto de gastronom\u00eda. Luego pas\u00f3 al Colegio San Viator donde comenz\u00f3 a forjarse como una alumna destacada<\/p>\n<p>Respecto a sus sensaciones por haber sido puntaje nacional, Alvarez manifiesta, \u201c<strong>Feliz porque estuve bastante tiempo estudiando al final el esfuerzo dio sus frutos\u201d<\/strong><\/p>\n<p><strong>Su amor por las ciencias<\/strong><\/p>\n<p>Esta joven ovallina comenta que su atracci\u00f3n por el mundo de las Ciencias s\u00e9 dio cu\u00e1ndo realiz\u00f3 un curso de f\u00edsica en la Universidad de Chile. All\u00ed obtuvo el mejor promedio y le regalaron el libro de Stephen Hawknig.<\/p>\n<p>Desde all\u00ed Virginia comenz\u00f3 a participar en distintas olimpiadas de Ciencias, F\u00edsica y Biolog\u00eda donde obtuvo los primeros lugares y reconocimientos, \u201c<strong>desde siempre me interes\u00f3 la ciencia y la lectura. Por ejemplo cuando pas\u00e9 a primero medio\u00a0 hice un curso de f\u00edsica en la Universidad de Chile y ah\u00ed me fue s\u00faper bien. De hecho me dieron un reconocimiento por el mejor promedio y me dieron un libro y ah\u00ed me gust\u00f3 mucho m\u00e1s\u201d<\/strong><\/p>\n<p>El rol y participaci\u00f3n de mujeres en las Ciencias en nuestro pa\u00eds es baja. Son carreras tradicionalmente ocupadas por hombres. Desde esa l\u00f3gica, Virginia tambi\u00e9n hace un llamado a sus pares a que se atrevan a estudiar carreras relacionadas a las Ciencias, <strong>\u201cyo le dir\u00eda\u00a0 a que se atrevan, que intenten participar en olimpiadas, uno conoce personas interesantes que le pueden aportar mucho, que se esfuercen porque van a salir adelante\u201d <\/strong><\/p>\n<p><strong>Madre Orgullosa<\/strong><\/p>\n<p>Ana L\u00f3pez Aguilera, es la madre de Virginia, quien destaca el esfuerzo de su hija para avanzar y aprender cada d\u00eda m\u00e1s,<strong> \u201cella es una chica bien esforzada, se lo merec\u00eda. Es una buena alumna,. Ha recibido premios durante toda su trayectoria como estudiante y esto me tiene contenta y orgullosa\u201d<\/strong><\/p>\n<p>&nbsp;<\/p>\n<p><strong>Reconocimiento de seremi de la Mujer y Gobernador \u00a0<\/strong><\/p>\n<p><strong>\u00a0<\/strong>Virginia lleg\u00f3 acompa\u00f1ada de su padre y madre a las dependencias dela Gobernaci\u00f3n de Limar\u00ed donde\u00a0 el jefe provincia, Iv\u00e1n Espinoza; la seremi de la Mujer y la Equidad de G\u00e9nero, Iv\u00f3n Guerra y el Jefe provincial de Educaci\u00f3n, Jos\u00e9 Manzano, le entregaron un reconocimiento.<\/p>\n<p>Fue un desayuno, instancia donde las autoridades valoraron y destacaron el esfuerzo y trayectoria de esta joven estudiante<\/p>\n<p><strong>\u201cFelicito a Virginia.\u00a0 Las mujeres de la regi\u00f3n de Coquimbo nos sentimos orgullosas de su logro. Queremos m\u00e1s mujeres en Ciencias y esperamos que Virginia contin\u00fae en esta senda que tanto le apasiona. Como Ministerio de la Mujer destacamos y valoramos el esfuerzo de ella y su familia. Hoy las matem\u00e1ticas, al ingenier\u00eda y las ciencias tambi\u00e9n son lideradas por mujeres y queremos que existan mucho m\u00e1s Virginia que puedan ingresar a estas \u00e1reas que tradicionalmente fueron ocupadas por hombres\u201d, <\/strong>explic\u00f3, la seremi de la Mujer, Iv\u00f3n Guerra<\/p>\n<p>Finalmente, el Gobernador de Limar\u00ed, Iv\u00e1n Espinoza agreg\u00f3,<strong> \u201cel Gobierno reconoce y destaca a esta alumna del\u00a0 San Viator que ha obtenido este puntaje nacional en Matem\u00e1ticas e incentiva al\u00a0 resto de la gente a que sigan este modelo, que es un modelo de una persona que tiene prop\u00f3sitos claros en la vida y as\u00ed se van a conseguir los prop\u00f3sitos que uno se plantea\u201d, <\/strong>concluy\u00f3.<\/p>\n","protected":false},"excerpt":{"rendered":"<p>Una futura astr\u00f3noma o f\u00edsica es el objetivo de Virginia Alvarez L\u00f3pez, estudiante de Ovalle que obtuvo \u00a0puntaje nacional en la Prueba de Transici\u00f3n Universitaria, con 850 puntos en Matem\u00e1ticas<\/p>\n","protected":false},"author":2,"featured_media":4549,"comment_status":"open","ping_status":"open","sticky":false,"template":"","format":"standard","meta":{"footnotes":""},"categories":[5],"tags":[],"class_list":["post-4548","post","type-post","status-publish","format-standard","has-post-thumbnail","hentry","category-actualidad-limarina"],"_links":{"self":[{"href":"https:\/\/www.radiolimari.cl\/index.php?rest_route=\/wp\/v2\/posts\/4548","targetHints":{"allow":["GET"]}}],"collection":[{"href":"https:\/\/www.radiolimari.cl\/index.php?rest_route=\/wp\/v2\/posts"}],"about":[{"href":"https:\/\/www.radiolimari.cl\/index.php?rest_route=\/wp\/v2\/types\/post"}],"author":[{"embeddable":true,"href":"https:\/\/www.radiolimari.cl\/index.php?rest_route=\/wp\/v2\/users\/2"}],"replies":[{"embeddable":true,"href":"https:\/\/www.radiolimari.cl\/index.php?rest_route=%2Fwp%2Fv2%2Fcomments&post=4548"}],"version-history":[{"count":1,"href":"https:\/\/www.radiolimari.cl\/index.php?rest_route=\/wp\/v2\/posts\/4548\/revisions"}],"predecessor-version":[{"id":4550,"href":"https:\/\/www.radiolimari.cl\/index.php?rest_route=\/wp\/v2\/posts\/4548\/revisions\/4550"}],"wp:featuredmedia":[{"embeddable":true,"href":"https:\/\/www.radiolimari.cl\/index.php?rest_route=\/wp\/v2\/media\/4549"}],"wp:attachment":[{"href":"https:\/\/www.radiolimari.cl\/index.php?rest_route=%2Fwp%2Fv2%2Fmedia&parent=4548"}],"wp:term":[{"taxonomy":"category","embeddable":true,"href":"https:\/\/www.radiolimari.cl\/index.php?rest_route=%2Fwp%2Fv2%2Fcategories&post=4548"},{"taxonomy":"post_tag","embeddable":true,"href":"https:\/\/www.radiolimari.cl\/index.php?rest_route=%2Fwp%2Fv2%2Ftags&post=4548"}],"curies":[{"name":"wp","href":"https:\/\/api.w.org\/{rel}","templated":true}]}}