{"id":4545,"date":"2021-02-17T12:59:46","date_gmt":"2021-02-17T12:59:46","guid":{"rendered":"http:\/\/www.radiolimari.cl\/?p=4545"},"modified":"2021-02-17T12:59:46","modified_gmt":"2021-02-17T12:59:46","slug":"seremi-de-las-culturas-region-de-coquimbo-destaco-anuncio-de-subsidios-para-la-industria-creativa","status":"publish","type":"post","link":"https:\/\/www.radiolimari.cl\/?p=4545","title":{"rendered":"Seremi de las Culturas  Regi\u00f3n de Coquimbo, destac\u00f3 anuncio de subsidios para la industria creativa"},"content":{"rendered":"<p><a href=\"https:\/\/www.radiolimari.cl\/wp-content\/uploads\/2021\/02\/seremi-de-las-cutluras-region-de-coquimbo.jpg\"><img fetchpriority=\"high\" decoding=\"async\" class=\"alignnone size-medium wp-image-4546\" src=\"https:\/\/www.radiolimari.cl\/wp-content\/uploads\/2021\/02\/seremi-de-las-cutluras-region-de-coquimbo-300x200.jpg\" alt=\"seremi de las cutluras region de coquimbo\" width=\"300\" height=\"200\" srcset=\"https:\/\/www.radiolimari.cl\/wp-content\/uploads\/2021\/02\/seremi-de-las-cutluras-region-de-coquimbo-300x200.jpg 300w, https:\/\/www.radiolimari.cl\/wp-content\/uploads\/2021\/02\/seremi-de-las-cutluras-region-de-coquimbo-1024x682.jpg 1024w\" sizes=\"(max-width: 300px) 100vw, 300px\" \/><\/a><\/p>\n<p><br class=\"Apple-interchange-newline\" \/><span style=\"font-weight: bold; color: #222222;\">La iniciativa contempla nuevos recursos que provienen del Ministerio de Econom\u00eda y que se entregar\u00e1n para apoyar a empresas relacionadas al sector cultural, el cual recibir\u00e1 cerca de\u00a0<\/span><span style=\"font-weight: bold; color: black;\">5 mil millones de pesos.<\/span><!--more--><\/p>\n<p style=\"font-weight: 400;\">La ministra de las Culturas, las Artes y el Patrimonio, Consuelo Vald\u00e9s, junto al ministro de Econom\u00eda, Fomento y Turismo, Lucas Palacios, y otras autoridades, dieron a conocer un nuevo plan de apoyo al sector del turismo y la industria creativa.<\/p>\n<p style=\"font-weight: 400;\">El plan contempla cuatro ejes de trabajo, entre los que se encuentran subsidios para empresas, facilidades crediticias a trav\u00e9s del programa FOGAPE Reactiva, flexibilidades en materia de Ley de Protecci\u00f3n al Empleo y programas especiales en asociaci\u00f3n con Banco Estado.<\/p>\n<p style=\"font-weight: 400;\">As\u00ed, durante los meses de febrero y marzo, el Ministerio de Econom\u00eda realizar\u00e1 el primer llamado a concurso para acceder a estos subsidios por un total de $55.000 millones. En esta etapa, $50.000 millones ir\u00e1n destinados al sector turismo y $5.000 millones al sector de la cultura y las artes, beneficiando a m\u00e1s de 20 mil empresas a nivel nacional.<\/p>\n<p style=\"font-weight: 400;\">Al respecto, el seremi de las Culturas de la Regi\u00f3n de Coquimbo, Francisco Varas, reconoci\u00f3 que \u201cel sector cultural ha sido duramente golpeado desde marzo pasado por esta pandemia, y una gran cantidad de artistas, gestores y trabajadores del rubro han quedado en una situaci\u00f3n cr\u00edtica dada la informalidad de sus condiciones laborales. Estos recursos representan una gran ayuda para la esperada reactivaci\u00f3n cultural y econ\u00f3mica del pa\u00eds y, por supuesto, de nuestra regi\u00f3n\u201d.<\/p>\n<p style=\"font-weight: 400;\">\u201cPAR Industrias Creativas\u201d consistir\u00e1 en un subsidio de emergencia de hasta $3 millones para empresas del sector creativo, por un monto total de $5 mil millones. La focalizaci\u00f3n del instrumento estar\u00e1 en empresas que facturen en algunos de los 63 c\u00f3digos CIIU de Industrias Creativas y tambi\u00e9n para organizaciones sin fines de lucro con \u201cgiro cultural\u201d, para que puedan ser beneficiarios.<\/p>\n<p style=\"font-weight: 400;\">La autoridad regional a\u00f1adi\u00f3 que \u201cadem\u00e1s, nuestro Ministerio ha puesto a disposici\u00f3n de la comunidad la plataforma de\u00a0<a href=\"https:\/\/ec.cultura.gob.cl\/\" data-saferedirecturl=\"https:\/\/www.google.com\/url?q=https:\/\/ec.cultura.gob.cl\/&amp;source=gmail&amp;ust=1613649714285000&amp;usg=AFQjCNEtEP2LyTVVpjmKS7iGB1UDFua-iw\">Econom\u00eda Creativa<\/a>, la cual entrega un importante espacio de acceso universal a herramientas y recursos para apoyar cada una de las fases del desarrollo de las carreras y obras culturales. Este apoyo est\u00e1 orientado a todos quienes facilitan la producci\u00f3n, difusi\u00f3n, distribuci\u00f3n y circulaci\u00f3n nacional e internacional de bienes y servicios culturales\u201d.<\/p>\n<p style=\"font-weight: 400;\">Por su parte, la ministra de las Culturas, Consuelo Vald\u00e9s, agreg\u00f3 que \u201cen 2020 reorientamos parte del presupuesto para implementar un Plan de Apoyo, que permiti\u00f3 entregar m\u00e1s de $15 mil millones de pesos. A esto se suma el Fondo de Emergencia, anunciado por el Presidente para 2021, que destinar\u00e1 m\u00e1s de $18 mil millones adicionales para el sector, y tambi\u00e9n los Fondos Cultura 2021, que tienen dentro de sus principales \u00e9nfasis la reactivaci\u00f3n del sistema cultural, contando con m\u00e1s de $26 mil millones para ese objetivo\u201d.<\/p>\n","protected":false},"excerpt":{"rendered":"<p>La iniciativa contempla nuevos recursos que provienen del Ministerio de Econom\u00eda y que se entregar\u00e1n para apoyar a empresas relacionadas al sector cultural, el cual recibir\u00e1 cerca de\u00a05 mil millones de pesos.<\/p>\n","protected":false},"author":2,"featured_media":4546,"comment_status":"open","ping_status":"open","sticky":false,"template":"","format":"standard","meta":{"footnotes":""},"categories":[6],"tags":[],"class_list":["post-4545","post","type-post","status-publish","format-standard","has-post-thumbnail","hentry","category-regionales"],"_links":{"self":[{"href":"https:\/\/www.radiolimari.cl\/index.php?rest_route=\/wp\/v2\/posts\/4545","targetHints":{"allow":["GET"]}}],"collection":[{"href":"https:\/\/www.radiolimari.cl\/index.php?rest_route=\/wp\/v2\/posts"}],"about":[{"href":"https:\/\/www.radiolimari.cl\/index.php?rest_route=\/wp\/v2\/types\/post"}],"author":[{"embeddable":true,"href":"https:\/\/www.radiolimari.cl\/index.php?rest_route=\/wp\/v2\/users\/2"}],"replies":[{"embeddable":true,"href":"https:\/\/www.radiolimari.cl\/index.php?rest_route=%2Fwp%2Fv2%2Fcomments&post=4545"}],"version-history":[{"count":1,"href":"https:\/\/www.radiolimari.cl\/index.php?rest_route=\/wp\/v2\/posts\/4545\/revisions"}],"predecessor-version":[{"id":4547,"href":"https:\/\/www.radiolimari.cl\/index.php?rest_route=\/wp\/v2\/posts\/4545\/revisions\/4547"}],"wp:featuredmedia":[{"embeddable":true,"href":"https:\/\/www.radiolimari.cl\/index.php?rest_route=\/wp\/v2\/media\/4546"}],"wp:attachment":[{"href":"https:\/\/www.radiolimari.cl\/index.php?rest_route=%2Fwp%2Fv2%2Fmedia&parent=4545"}],"wp:term":[{"taxonomy":"category","embeddable":true,"href":"https:\/\/www.radiolimari.cl\/index.php?rest_route=%2Fwp%2Fv2%2Fcategories&post=4545"},{"taxonomy":"post_tag","embeddable":true,"href":"https:\/\/www.radiolimari.cl\/index.php?rest_route=%2Fwp%2Fv2%2Ftags&post=4545"}],"curies":[{"name":"wp","href":"https:\/\/api.w.org\/{rel}","templated":true}]}}