{"id":4541,"date":"2021-02-16T20:29:17","date_gmt":"2021-02-16T20:29:17","guid":{"rendered":"http:\/\/www.radiolimari.cl\/?p=4541"},"modified":"2021-02-16T20:29:17","modified_gmt":"2021-02-16T20:29:17","slug":"feria-del-libro-de-ovalle-continua-con-exito-presencial-y-virtual","status":"publish","type":"post","link":"https:\/\/www.radiolimari.cl\/?p=4541","title":{"rendered":"Feria del libro de Ovalle contin\u00faa con \u00e9xito presencial y virtual"},"content":{"rendered":"<p><a href=\"https:\/\/www.radiolimari.cl\/wp-content\/uploads\/2021\/02\/16.2-feria.jpg\"><img fetchpriority=\"high\" decoding=\"async\" class=\"alignnone size-medium wp-image-4542\" src=\"https:\/\/www.radiolimari.cl\/wp-content\/uploads\/2021\/02\/16.2-feria-300x200.jpg\" alt=\"16.2 feria\" width=\"300\" height=\"200\" srcset=\"https:\/\/www.radiolimari.cl\/wp-content\/uploads\/2021\/02\/16.2-feria-300x200.jpg 300w, https:\/\/www.radiolimari.cl\/wp-content\/uploads\/2021\/02\/16.2-feria-1024x682.jpg 1024w\" sizes=\"(max-width: 300px) 100vw, 300px\" \/><\/a><\/p>\n<p><strong>Hasta el 21 de febrero se extender\u00e1 el certamen literario en la capital limarina y la ciudadan\u00eda puede disfrutarlo tanto en la Plaza de Armas como v\u00eda online en www.33flo.cl<\/strong><!--more--><\/p>\n<p>Con toma de temperatura, uso de mascarillas, alcohol gel y el debido distanciamiento; quienes han pasado por la Plaza de Armas han podido ser parte diversas presentaciones de libros regionales y nacionales, conversatorios y lecturas dramatizadas adem\u00e1s de las presentaciones musicales; que han dado vida a la versi\u00f3n n\u00famero 33 de la Feria del Libro de Ovalle.<\/p>\n<p>&nbsp;<\/p>\n<p>C\u00f3mo es costumbre, editoriales locales, regionales y nacionales se han hecho presentes en el certamen literario; lo que los asistentes han agradecido, ya que \u201cdurante mucho tiempo tuvimos que adquirir los libros de forma virtual y ahora hemos podido encontrar una diversidad de autores y g\u00e9neros y comprarlos en el momento\u201d as\u00ed lo manifest\u00f3 Mar\u00eda Iriarte.<\/p>\n<p>&nbsp;<\/p>\n<p>Adem\u00e1s de quienes se han dado cita en la Plaza de Armas, gran cantidad de personas han seguido la transmisi\u00f3n oficial de la feria a trav\u00e9s de\u00a0<a href=\"http:\/\/www.33flo.cl\/\">www.33flo.cl<\/a>. Al respecto el director ejecutivo de la Corporaci\u00f3n Cultural Municipal de Ovalle, Ifman Huerta, se\u00f1al\u00f3 que \u201ces primera vez que tenemos una feria 100% online, lo que nos ha permitido llegar a m\u00e1s personas y logrando un amplio alcance. Cabe destacar que adem\u00e1s de la transmisi\u00f3n de toda la programaci\u00f3n en la p\u00e1gina contamos con un Rinc\u00f3n Infantil virtual con estrenos diarios de obras, tele talleres, cuenta cuentos; as\u00ed como de nuestros conversatorios online con invitados internacionales que son moderados por Claudia Reyes y Benjam\u00edn Le\u00f3n\u201d.<\/p>\n<p>&nbsp;<\/p>\n<p>Hasta el domingo 21 de febrero se extender\u00e1 esta tradicional feria del libro, que esta \u00a0semana contin\u00faa su programaci\u00f3n con interesantes invitados entre los que destaca el conocido y carism\u00e1tico animador de \u201cLugares que hablan\u201d Francisco Saavedra, quien presentar\u00e1 este mi\u00e9rcoles 17 de febrero a las 19:00 horas su libro \u201cLuchadores\u201d; as\u00ed como Freddy Stock quien presentar\u00e1 su libro \u201cLa vida m\u00e1gica de los Jaivas: los caminos que se abren\u201d, la biograf\u00eda oficial que re\u00fane cinco d\u00e9cadas de trayectoria del grupo chileno, icono del rock latinoamericano en el mundo; los autores del libro \u201cLos nuevos brujos\u201d: Francisco Ortega y Juan Andr\u00e9s Salfate, entre otros.<\/p>\n<p>Por su parte los cierres art\u00edsticos estar\u00e1n a cargo de diversos artistas locales como la joven artista ovallina, Alemma; la banda de pop-rock Locura Abordo; el d\u00fao musical Saltor; la agrupaci\u00f3n Less, entre otros. Cabe destacar que toda la programaci\u00f3n se encuentra disponible en 33flo.cl para que sea descargada por quienes no se quieran perder ninguna de las actividades que trae esta semana la feria del libro.<\/p>\n","protected":false},"excerpt":{"rendered":"<p>Hasta el 21 de febrero se extender\u00e1 el certamen literario en la capital limarina y la ciudadan\u00eda puede disfrutarlo tanto en la Plaza de Armas como v\u00eda online en www.33flo.cl<\/p>\n","protected":false},"author":2,"featured_media":4542,"comment_status":"open","ping_status":"open","sticky":false,"template":"","format":"standard","meta":{"footnotes":""},"categories":[3],"tags":[],"class_list":["post-4541","post","type-post","status-publish","format-standard","has-post-thumbnail","hentry","category-actualidad"],"_links":{"self":[{"href":"https:\/\/www.radiolimari.cl\/index.php?rest_route=\/wp\/v2\/posts\/4541","targetHints":{"allow":["GET"]}}],"collection":[{"href":"https:\/\/www.radiolimari.cl\/index.php?rest_route=\/wp\/v2\/posts"}],"about":[{"href":"https:\/\/www.radiolimari.cl\/index.php?rest_route=\/wp\/v2\/types\/post"}],"author":[{"embeddable":true,"href":"https:\/\/www.radiolimari.cl\/index.php?rest_route=\/wp\/v2\/users\/2"}],"replies":[{"embeddable":true,"href":"https:\/\/www.radiolimari.cl\/index.php?rest_route=%2Fwp%2Fv2%2Fcomments&post=4541"}],"version-history":[{"count":1,"href":"https:\/\/www.radiolimari.cl\/index.php?rest_route=\/wp\/v2\/posts\/4541\/revisions"}],"predecessor-version":[{"id":4543,"href":"https:\/\/www.radiolimari.cl\/index.php?rest_route=\/wp\/v2\/posts\/4541\/revisions\/4543"}],"wp:featuredmedia":[{"embeddable":true,"href":"https:\/\/www.radiolimari.cl\/index.php?rest_route=\/wp\/v2\/media\/4542"}],"wp:attachment":[{"href":"https:\/\/www.radiolimari.cl\/index.php?rest_route=%2Fwp%2Fv2%2Fmedia&parent=4541"}],"wp:term":[{"taxonomy":"category","embeddable":true,"href":"https:\/\/www.radiolimari.cl\/index.php?rest_route=%2Fwp%2Fv2%2Fcategories&post=4541"},{"taxonomy":"post_tag","embeddable":true,"href":"https:\/\/www.radiolimari.cl\/index.php?rest_route=%2Fwp%2Fv2%2Ftags&post=4541"}],"curies":[{"name":"wp","href":"https:\/\/api.w.org\/{rel}","templated":true}]}}