{"id":4533,"date":"2021-02-15T18:04:58","date_gmt":"2021-02-15T18:04:58","guid":{"rendered":"http:\/\/www.radiolimari.cl\/?p=4533"},"modified":"2021-02-15T18:04:58","modified_gmt":"2021-02-15T18:04:58","slug":"coronavirus-lunes-15-de-febrero-5-personas-fallecidas-y-144-casos-nuevos-del-virus","status":"publish","type":"post","link":"https:\/\/www.radiolimari.cl\/?p=4533","title":{"rendered":"#CoronaVirus, Lunes 15 de Febrero: 5 personas fallecidas y 144 casos nuevos del virus."},"content":{"rendered":"<p><a href=\"https:\/\/www.radiolimari.cl\/wp-content\/uploads\/2021\/02\/NOTICIAS-EN-LIMARI-ULTIMA-HORA-CORONA-VIRUS-20.07.2020.jpg\"><img decoding=\"async\" class=\"alignnone size-medium wp-image-4492\" src=\"https:\/\/www.radiolimari.cl\/wp-content\/uploads\/2021\/02\/NOTICIAS-EN-LIMARI-ULTIMA-HORA-CORONA-VIRUS-20.07.2020-300x150.jpg\" alt=\"NOTICIAS EN LIMARI ULTIMA HORA CORONA VIRUS 20.07.2020\" width=\"300\" height=\"150\" srcset=\"https:\/\/www.radiolimari.cl\/wp-content\/uploads\/2021\/02\/NOTICIAS-EN-LIMARI-ULTIMA-HORA-CORONA-VIRUS-20.07.2020-300x150.jpg 300w, https:\/\/www.radiolimari.cl\/wp-content\/uploads\/2021\/02\/NOTICIAS-EN-LIMARI-ULTIMA-HORA-CORONA-VIRUS-20.07.2020-1024x512.jpg 1024w, https:\/\/www.radiolimari.cl\/wp-content\/uploads\/2021\/02\/NOTICIAS-EN-LIMARI-ULTIMA-HORA-CORONA-VIRUS-20.07.2020.jpg 1148w\" sizes=\"(max-width: 300px) 100vw, 300px\" \/><\/a><\/p>\n<p><strong>M\u00e1s de 500 sumarios sanitarios se cursaron durante el fin de semana en La Serena y Coquimbo<\/strong><!--more--><\/p>\n<p>Las autoridades regionales entregaron un nuevo balance sanitario con la situaci\u00f3n local del Coronavirus, destacando el despliegue territorial durante el fin de semana en las comunas que estuvieron en cuarentena.<\/p>\n<p>\u201cQuiero destacar el trabajo que han desarrollado nuestros fiscalizadores en conjunto con las Fuerzas Armadas y de Orden, principalmente durante este fin de semana que tuvimos cuarentena en las comunas de La Serena, Coquimbo, Andacollo y Los Vilos. Entre s\u00e1bado y domingo, m\u00e1s de 25 mil personas fueron controladas en los diversos puntos de fiscalizaci\u00f3n, cursando un total de 516 sumarios sanitarios, principalmente por no portar su permiso de desplazamiento\u201d, explic\u00f3 la Seremi (S) de Salud, Andrea Vel\u00e1squez, quien reiter\u00f3 el llamado \u201ca cuidarse en todo momento, para evitar nuevos contagios del virus\u201d.<\/p>\n<p>En relaci\u00f3n al balance sanitario se informaron 5 personas fallecidas a causa de la enfermedad y 144 casos nuevos, de los cuales 35 corresponden a La Serena, 33 a Coquimbo, 4 de Andacollo, 1 de Paihuano, 5 de Vicu\u00f1a, 3 de Illapel, 1 de Canela, 14 de Los Vilos, 11 de Salamanca, 24 de Ovalle, 3 de Monte Patria, 2 de Punitaqui, 1 de R\u00edo Hurtado, 4 de otras regiones y 3 casos sin notificaci\u00f3n en el sistema Epivigila. Con esto se llega a un total de 19.009 casos acumulados, de los cuales 789 se mantienen con contagio activo.<\/p>\n<p>La subdirectora de Gesti\u00f3n Asistencial (S) del Servicio de Salud Coquimbo, Pilar Jim\u00e9nez, entreg\u00f3 el reporte de pacientes hospitalizados en la regi\u00f3n de Coquimbo, se\u00f1alando que \u201c858 personas se encuentran internadas, de las cuales 150 est\u00e1n hospitalizados por Covid_19 y 46 se encuentran con requerimiento de ventilaci\u00f3n mec\u00e1nica\u201d.<\/p>\n<p>En cuanto a la disponibilidad de camas la autoridad se\u00f1al\u00f3 que actualmente \u201cdisponemos de 247 camas en la Red Asistencial, lo que representa un 77% de ocupaci\u00f3n de la dotaci\u00f3n regional. En cuanto a las camas de las Unidades de Pacientes Cr\u00edticos, contamos con 8 camas disponibles, de las cuales 3 corresponden a la Unidad de Cuidados Intensivos (UCI), que son las que cuentan con ventilaci\u00f3n mec\u00e1nica, y 5 a la Unidad de Tratamiento Intermedio (UTI)\u201d, detall\u00f3.<\/p>\n<p>En relaci\u00f3n al reporte del personal de salud afectado por el virus, la subdirectora de Gesti\u00f3n Asistencial (S) se\u00f1al\u00f3 que 22 funcionarios del Servicio de Salud y de los hospitales han dado positivo, mientras que 53 se encuentran en cuarentena. Por su parte, en la Atenci\u00f3n Primaria de Salud, 13 funcionarios han dado positivo al virus y 34 se mantienen en cuarentena.<\/p>\n<p>&nbsp;<\/p>\n<p><strong>BALANCE REGI\u00d3N DE COQUIMBO<\/strong><\/p>\n<p><strong>Lunes 15 de Febrero 2021<\/strong><\/p>\n<p>144 casos nuevos<\/p>\n<p>19.009 casos acumulados<\/p>\n<p>789 casos activos<\/p>\n<p>377 fallecidos<\/p>\n<p>150 pacientes hospitalizados y 46 en ventilaci\u00f3n mec\u00e1nica<\/p>\n<p>Residencias Sanitarias: 89% de ocupaci\u00f3n<\/p>\n<p>Detalle Casos Nuevos:<\/p>\n<ul>\n<li>35 de La Serena<\/li>\n<li>33 de Coquimbo<\/li>\n<li>04 de Andacollo<\/li>\n<li>01 de Paihuano<\/li>\n<li>05 de Vicu\u00f1a<\/li>\n<li>03 de Illapel<\/li>\n<li>01 de Canela<\/li>\n<li>14 de Los Vilos<\/li>\n<li>11 de Salamanca<\/li>\n<li>24 de Ovalle<\/li>\n<li>03 de Monte Patria<\/li>\n<li>02 de Punitaqui<\/li>\n<li>01 de R\u00edo Hurtado<\/li>\n<li>04 de otras regiones<\/li>\n<li>03 casos sin notificaci\u00f3n en el sistema Epivigila<\/li>\n<\/ul>\n","protected":false},"excerpt":{"rendered":"<p>M\u00e1s de 500 sumarios sanitarios se cursaron durante el fin de semana en La Serena y Coquimbo<\/p>\n","protected":false},"author":2,"featured_media":4492,"comment_status":"open","ping_status":"open","sticky":false,"template":"","format":"standard","meta":{"footnotes":""},"categories":[3],"tags":[],"class_list":["post-4533","post","type-post","status-publish","format-standard","has-post-thumbnail","hentry","category-actualidad"],"_links":{"self":[{"href":"https:\/\/www.radiolimari.cl\/index.php?rest_route=\/wp\/v2\/posts\/4533","targetHints":{"allow":["GET"]}}],"collection":[{"href":"https:\/\/www.radiolimari.cl\/index.php?rest_route=\/wp\/v2\/posts"}],"about":[{"href":"https:\/\/www.radiolimari.cl\/index.php?rest_route=\/wp\/v2\/types\/post"}],"author":[{"embeddable":true,"href":"https:\/\/www.radiolimari.cl\/index.php?rest_route=\/wp\/v2\/users\/2"}],"replies":[{"embeddable":true,"href":"https:\/\/www.radiolimari.cl\/index.php?rest_route=%2Fwp%2Fv2%2Fcomments&post=4533"}],"version-history":[{"count":1,"href":"https:\/\/www.radiolimari.cl\/index.php?rest_route=\/wp\/v2\/posts\/4533\/revisions"}],"predecessor-version":[{"id":4534,"href":"https:\/\/www.radiolimari.cl\/index.php?rest_route=\/wp\/v2\/posts\/4533\/revisions\/4534"}],"wp:featuredmedia":[{"embeddable":true,"href":"https:\/\/www.radiolimari.cl\/index.php?rest_route=\/wp\/v2\/media\/4492"}],"wp:attachment":[{"href":"https:\/\/www.radiolimari.cl\/index.php?rest_route=%2Fwp%2Fv2%2Fmedia&parent=4533"}],"wp:term":[{"taxonomy":"category","embeddable":true,"href":"https:\/\/www.radiolimari.cl\/index.php?rest_route=%2Fwp%2Fv2%2Fcategories&post=4533"},{"taxonomy":"post_tag","embeddable":true,"href":"https:\/\/www.radiolimari.cl\/index.php?rest_route=%2Fwp%2Fv2%2Ftags&post=4533"}],"curies":[{"name":"wp","href":"https:\/\/api.w.org\/{rel}","templated":true}]}}