{"id":4427,"date":"2021-02-03T14:52:25","date_gmt":"2021-02-03T14:52:25","guid":{"rendered":"http:\/\/www.radiolimari.cl\/?p=4427"},"modified":"2021-02-03T14:52:25","modified_gmt":"2021-02-03T14:52:25","slug":"maria-paz-valdes-la-primera-mujer-oficial-de-carabineros-a-cargo-de-la-seccion-de-encargo-y-busqueda-de-vehiculos-y-personas-en-la-region-de-coquimbo","status":"publish","type":"post","link":"https:\/\/www.radiolimari.cl\/?p=4427","title":{"rendered":"Mar\u00eda Paz Vald\u00e9s, la primera mujer oficial de Carabineros a cargo de la Secci\u00f3n de Encargo y B\u00fasqueda de Veh\u00edculos y Personas en la regi\u00f3n de Coquimbo"},"content":{"rendered":"<p><a href=\"https:\/\/www.radiolimari.cl\/wp-content\/uploads\/2021\/02\/3.2-sernameg.jpg\"><img fetchpriority=\"high\" decoding=\"async\" class=\"alignnone size-medium wp-image-4428\" src=\"https:\/\/www.radiolimari.cl\/wp-content\/uploads\/2021\/02\/3.2-sernameg-300x224.jpg\" alt=\"3.2 sernameg\" width=\"300\" height=\"224\" srcset=\"https:\/\/www.radiolimari.cl\/wp-content\/uploads\/2021\/02\/3.2-sernameg-300x224.jpg 300w, https:\/\/www.radiolimari.cl\/wp-content\/uploads\/2021\/02\/3.2-sernameg-1024x768.jpg 1024w, https:\/\/www.radiolimari.cl\/wp-content\/uploads\/2021\/02\/3.2-sernameg.jpg 1040w\" sizes=\"(max-width: 300px) 100vw, 300px\" \/><\/a><\/p>\n<p>Con tan s\u00f3lo 28 a\u00f1os, la Teniente Mar\u00eda Paz Vald\u00e9s asumi\u00f3 la responsabilidad de liderar la Secci\u00f3n de Encargo y B\u00fasqueda de Veh\u00edculos y Personas (SEBV) de Carabineros en la regi\u00f3n de Coquimbo<!--more--><\/p>\n<p>Con ello, la oficial no solo se convirti\u00f3 en la primera mujer en encabezar esta secci\u00f3n investigativa en la zona, sin o que adem\u00e1s, es la \u00fanica mujer dentro de un equipo conformado por 14 hombres, que tiene como principal misi\u00f3n, dar respuestas a la comunidad que ha sufrido alg\u00fan tipo de delito relacionado con el parque vehicular, la desaparici\u00f3n de personas y buscar pr\u00f3fugos de la Justicia.<\/p>\n<p>Mar\u00eda Paz es oriunda de Santiago, y asumi\u00f3 la jefatura de la SEBV el pasado 11 de enero. Ella actualmente es una de las dos mujeres en todo el pa\u00eds a cargo de esta Secci\u00f3n de Carabineros.<\/p>\n<p>Vald\u00e9s viene de una familia ligada a la instituci\u00f3n policial. Su abuelo y padre fueron reconocidos carabineros. Su hermano tambi\u00e9n pertenece a las filas de la Instituci\u00f3n.<\/p>\n<p>Respecto, a su trabajo de Jefatura, la Teniente coment\u00f3, <strong>\u201cmaravilloso, yo quer\u00eda asumir un desaf\u00edo de jefatura y la verdad que llegar aqu\u00ed, a esta regi\u00f3n ha sido positivo. Adem\u00e1s, mi familia es oriunda de La Serena, me encanta esta regi\u00f3n y los desaf\u00edos\u00a0 laborales son muchos\u201d.<\/strong><\/p>\n<p>Vald\u00e9s, agreg\u00f3 que su Jefatura busca ejecutar un trabajo profesional, serio y responsable, \u201c<strong>yo quiero que como secci\u00f3n nos profesionalicemos mucho m\u00e1s, que el trabajo que ejecutemos sea de calidad, muy profesional, sea una labor que no tenga cuestionamientos al momento de llevar los procesos investigativos\u201d<\/strong><\/p>\n<p>En relaci\u00f3n\u00a0 a las eventuales dificultades que pueda tener por ser la primera mujer Jefa y estar a cargo de 14 hombres, Vald\u00e9s manifiesta<strong>, \u201cser la primera mujer jefa no es un desempe\u00f1o f\u00e1cil, porque uno debe\u00a0 trabajar mucho mejor que un hombre, sobre todo en el \u00e1rea investigativa, ya que investigan pocas mujeres desaparici\u00f3n de veh\u00edculos y personas, en comparaci\u00f3n a los hombres. Es muy acotado el universo de mujeres que se dedican a esta tem\u00e1tica, por lo mismo hay que esforzarse y demostrar las capacidades que uno tiene\u201d<\/strong><\/p>\n<p>Su rol de liderazgo y capacidad fue destacado por la Seremi de la Mujer y la Equidad de G\u00e9nero, Iv\u00f3n Guerra, quien lleg\u00f3 hasta su Oficina en Coquimbo para valorar la labor de Vald\u00e9s, <strong>\u201ca nombre del Ministerio de la Mujer quiero felicitar a la Teniente Mar\u00eda Paz. Es primera vez que una mujer en nuestra regi\u00f3n esta a cargo de esta secci\u00f3n de Carabineros. Ella es una mujer joven con muchas ganas y capacidad. Es un ejemplo. Esperamos que m\u00e1s mujeres en Carabineros sigan llegando a puestos de jefaturas, como tambi\u00e9n en otras instituciones de Fuerzas Armadas y de orden. M\u00e1s mujeres en toma de decisiones es fundamental para avanzar en un pa\u00eds m\u00e1s equitativo\u00a0 y con menores brechas de g\u00e9nero\u201d. <\/strong><\/p>\n<p>Finalmente, la Teniente Vald\u00e9s envi\u00f3 un mensaje a sus pares mujeres que quieran llegar a puestos de toma de decisi\u00f3n, <strong>\u201cque sean persistentes, que mientras uno haga bien su trabajo, sea profesional siempre va llegar a conseguir sus desaf\u00edos. La idea es que nadie cuestione que una mujer asuma una jefatura por ser mujer, todo lo contrario<\/strong>\u201d, concluy\u00f3.<\/p>\n","protected":false},"excerpt":{"rendered":"<p>Con tan s\u00f3lo 28 a\u00f1os, la Teniente Mar\u00eda Paz Vald\u00e9s asumi\u00f3 la responsabilidad de liderar la Secci\u00f3n de Encargo y B\u00fasqueda de Veh\u00edculos y Personas (SEBV) de Carabineros en la regi\u00f3n de Coquimbo<\/p>\n","protected":false},"author":2,"featured_media":4428,"comment_status":"open","ping_status":"open","sticky":false,"template":"","format":"standard","meta":{"footnotes":""},"categories":[6],"tags":[],"class_list":["post-4427","post","type-post","status-publish","format-standard","has-post-thumbnail","hentry","category-regionales"],"_links":{"self":[{"href":"https:\/\/www.radiolimari.cl\/index.php?rest_route=\/wp\/v2\/posts\/4427","targetHints":{"allow":["GET"]}}],"collection":[{"href":"https:\/\/www.radiolimari.cl\/index.php?rest_route=\/wp\/v2\/posts"}],"about":[{"href":"https:\/\/www.radiolimari.cl\/index.php?rest_route=\/wp\/v2\/types\/post"}],"author":[{"embeddable":true,"href":"https:\/\/www.radiolimari.cl\/index.php?rest_route=\/wp\/v2\/users\/2"}],"replies":[{"embeddable":true,"href":"https:\/\/www.radiolimari.cl\/index.php?rest_route=%2Fwp%2Fv2%2Fcomments&post=4427"}],"version-history":[{"count":1,"href":"https:\/\/www.radiolimari.cl\/index.php?rest_route=\/wp\/v2\/posts\/4427\/revisions"}],"predecessor-version":[{"id":4429,"href":"https:\/\/www.radiolimari.cl\/index.php?rest_route=\/wp\/v2\/posts\/4427\/revisions\/4429"}],"wp:featuredmedia":[{"embeddable":true,"href":"https:\/\/www.radiolimari.cl\/index.php?rest_route=\/wp\/v2\/media\/4428"}],"wp:attachment":[{"href":"https:\/\/www.radiolimari.cl\/index.php?rest_route=%2Fwp%2Fv2%2Fmedia&parent=4427"}],"wp:term":[{"taxonomy":"category","embeddable":true,"href":"https:\/\/www.radiolimari.cl\/index.php?rest_route=%2Fwp%2Fv2%2Fcategories&post=4427"},{"taxonomy":"post_tag","embeddable":true,"href":"https:\/\/www.radiolimari.cl\/index.php?rest_route=%2Fwp%2Fv2%2Ftags&post=4427"}],"curies":[{"name":"wp","href":"https:\/\/api.w.org\/{rel}","templated":true}]}}