{"id":4424,"date":"2021-02-03T14:41:29","date_gmt":"2021-02-03T14:41:29","guid":{"rendered":"http:\/\/www.radiolimari.cl\/?p=4424"},"modified":"2021-02-03T14:41:29","modified_gmt":"2021-02-03T14:41:29","slug":"se-declara-alerta-temprana-preventiva-para-las-comunas-de-rio-hurtado-monte-patria-y-combarbala-por-amenaza-de-incendio-forestal","status":"publish","type":"post","link":"https:\/\/www.radiolimari.cl\/?p=4424","title":{"rendered":"Se declara Alerta Temprana Preventiva para las comunas de R\u00edo Hurtado, Monte Patria y Combarbal\u00e1 por amenaza de incendio forestal"},"content":{"rendered":"<p><a href=\"https:\/\/www.radiolimari.cl\/wp-content\/uploads\/2021\/02\/tahuinco-1.jpg\"><img decoding=\"async\" class=\"alignnone size-medium wp-image-4425\" src=\"https:\/\/www.radiolimari.cl\/wp-content\/uploads\/2021\/02\/tahuinco-1-300x163.jpg\" alt=\"???????????????????????????????\" width=\"300\" height=\"163\" srcset=\"https:\/\/www.radiolimari.cl\/wp-content\/uploads\/2021\/02\/tahuinco-1-300x163.jpg 300w, https:\/\/www.radiolimari.cl\/wp-content\/uploads\/2021\/02\/tahuinco-1.jpg 800w\" sizes=\"(max-width: 300px) 100vw, 300px\" \/><\/a><\/p>\n<p><b style=\"color: #666666;\">La informaci\u00f3n proporcionada por la Corporaci\u00f3n Nacional Forestal (CONAF)<\/b><span style=\"color: #666666;\">\u00a0indica que el resultado del an\u00e1lisis t\u00e9cnico efectuado, determina zonas con alta probabilidad de generaci\u00f3n y propagaci\u00f3n de incendio forestales en las comunas de R\u00edo Hurtado, Monte patria y Combarbal\u00e1.<\/span><!--more--><\/p>\n<p style=\"color: #666666;\">Adicionalmente, para el mi\u00e9rcoles 03 de febrero se indica que la condici\u00f3n de la vegetaci\u00f3n fina muerta -ante una fuerte ola de calor- presente un aumento en la probabilidad de ignici\u00f3n, posibilitando que los incendios en sus inicios crezcan r\u00e1pidamente.<\/p>\n<p style=\"color: #666666;\">En consideraci\u00f3n a estos antecedentes, que suponen un aumento del riesgo asociado a estas variables, la Direcci\u00f3n Regional de ONEMI Coquimbo en coordinaci\u00f3n con CONAF,\u00a0<b>declara Alerta Temprana Preventiva\u00a0<\/b>para<b>\u00a0<\/b>las comunas de R\u00edo Hurtado, Monte Patria y Combarbal\u00e1<b>\u00a0<\/b>por amenaza de incendio forestal, vigente a partir de hoy y hasta que las condiciones as\u00ed lo ameriten.<\/p>\n<p style=\"color: #666666;\">La declaraci\u00f3n de dicha alerta, se constituye como un estado de reforzamiento de la vigilancia, mediante el monitoreo preciso y riguroso de las condiciones de riesgo y las respectivas vulnerabilidades asociadas a la amenaza, coordinando y activando al Sistema de Protecci\u00f3n Civil con el fin de actuar oportunamente frente a eventuales situaciones de emergencia.<\/p>\n","protected":false},"excerpt":{"rendered":"<p>La informaci\u00f3n proporcionada por la Corporaci\u00f3n Nacional Forestal (CONAF)\u00a0indica que el resultado del an\u00e1lisis t\u00e9cnico efectuado, determina zonas con alta probabilidad de generaci\u00f3n y propagaci\u00f3n de incendio forestales en las comunas de R\u00edo Hurtado, Monte patria y Combarbal\u00e1.<\/p>\n","protected":false},"author":2,"featured_media":4425,"comment_status":"open","ping_status":"open","sticky":false,"template":"","format":"standard","meta":{"footnotes":""},"categories":[5],"tags":[],"class_list":["post-4424","post","type-post","status-publish","format-standard","has-post-thumbnail","hentry","category-actualidad-limarina"],"_links":{"self":[{"href":"https:\/\/www.radiolimari.cl\/index.php?rest_route=\/wp\/v2\/posts\/4424","targetHints":{"allow":["GET"]}}],"collection":[{"href":"https:\/\/www.radiolimari.cl\/index.php?rest_route=\/wp\/v2\/posts"}],"about":[{"href":"https:\/\/www.radiolimari.cl\/index.php?rest_route=\/wp\/v2\/types\/post"}],"author":[{"embeddable":true,"href":"https:\/\/www.radiolimari.cl\/index.php?rest_route=\/wp\/v2\/users\/2"}],"replies":[{"embeddable":true,"href":"https:\/\/www.radiolimari.cl\/index.php?rest_route=%2Fwp%2Fv2%2Fcomments&post=4424"}],"version-history":[{"count":1,"href":"https:\/\/www.radiolimari.cl\/index.php?rest_route=\/wp\/v2\/posts\/4424\/revisions"}],"predecessor-version":[{"id":4426,"href":"https:\/\/www.radiolimari.cl\/index.php?rest_route=\/wp\/v2\/posts\/4424\/revisions\/4426"}],"wp:featuredmedia":[{"embeddable":true,"href":"https:\/\/www.radiolimari.cl\/index.php?rest_route=\/wp\/v2\/media\/4425"}],"wp:attachment":[{"href":"https:\/\/www.radiolimari.cl\/index.php?rest_route=%2Fwp%2Fv2%2Fmedia&parent=4424"}],"wp:term":[{"taxonomy":"category","embeddable":true,"href":"https:\/\/www.radiolimari.cl\/index.php?rest_route=%2Fwp%2Fv2%2Fcategories&post=4424"},{"taxonomy":"post_tag","embeddable":true,"href":"https:\/\/www.radiolimari.cl\/index.php?rest_route=%2Fwp%2Fv2%2Ftags&post=4424"}],"curies":[{"name":"wp","href":"https:\/\/api.w.org\/{rel}","templated":true}]}}