{"id":4415,"date":"2021-02-01T18:56:27","date_gmt":"2021-02-01T18:56:27","guid":{"rendered":"http:\/\/www.radiolimari.cl\/?p=4415"},"modified":"2021-02-01T18:56:27","modified_gmt":"2021-02-01T18:56:27","slug":"en-ovalle-vecinos-de-villa-antofagasta-cuentan-con-moderno-recinto-comunitario","status":"publish","type":"post","link":"https:\/\/www.radiolimari.cl\/?p=4415","title":{"rendered":"En Ovalle, Vecinos de Villa Antofagasta cuentan con moderno recinto comunitario"},"content":{"rendered":"<p><a href=\"https:\/\/www.radiolimari.cl\/wp-content\/uploads\/2021\/02\/1.2-Inauguraci\u00f3n-sede-social-Villa-Antofagasta-2.jpg\"><img fetchpriority=\"high\" decoding=\"async\" class=\"alignnone size-medium wp-image-4416\" src=\"https:\/\/www.radiolimari.cl\/wp-content\/uploads\/2021\/02\/1.2-Inauguraci\u00f3n-sede-social-Villa-Antofagasta-2-300x200.jpg\" alt=\"1.2 Inauguraci\u00f3n sede social Villa Antofagasta 2\" width=\"300\" height=\"200\" srcset=\"https:\/\/www.radiolimari.cl\/wp-content\/uploads\/2021\/02\/1.2-Inauguraci\u00f3n-sede-social-Villa-Antofagasta-2-300x200.jpg 300w, https:\/\/www.radiolimari.cl\/wp-content\/uploads\/2021\/02\/1.2-Inauguraci\u00f3n-sede-social-Villa-Antofagasta-2-1024x682.jpg 1024w\" sizes=\"(max-width: 300px) 100vw, 300px\" \/><\/a><\/p>\n<p><strong><em>La nueva sede social se concret\u00f3, gracias a la inversi\u00f3n que realiz\u00f3 el municipio de Ovalle, con recursos propios, con el fin de darles dignidad a los residentes, quienes tendr\u00e1n dependencias aptas para sus actividades y dejar\u00e1n atr\u00e1s las incomodidades<\/em><\/strong>.<!--more--><\/p>\n<p>Abri\u00f3 sus puertas el nuevo recinto comunitario de Villa Antofagasta. Esta obra, muy esperada por los vecinos, se concret\u00f3 gracias a la inversi\u00f3n del municipio de Ovalle, con recursos propios, que alcanz\u00f3 los 55 millones de pesos. En la ceremonia de inauguraci\u00f3n, el alcalde Claudio Renter\u00eda y la presidenta de la junta de vecinos, Lorena Zepeda, fueron acompa\u00f1ados por vecinos del sector, quienes se mostraron muy contentos con la apertura de su nueva sede.<\/p>\n<p>Las dependencias cuentan con un sal\u00f3n de eventos, una amplia \u00e1rea de cocina, bodega, servicios higi\u00e9nicos y un extenso cierre perimetral para proteger el entorno.<\/p>\n<p>Se trata de un proyecto muy valorado por los vecinos \u201cpuesto que ser\u00e1 el punto neutral de reuniones para que vivamos como comunidad. Necesit\u00e1bamos mucho nuestra sede, pues con esto tendremos un lugar para realizar actividades y para que la gente de nuestra poblaci\u00f3n la ocupe, porque tenemos muchos vecinos que tienen dotes art\u00edsticos, que son m\u00fasicos, adem\u00e1s ac\u00e1 tambi\u00e9n hay grupos folcl\u00f3ricos, por lo que ser\u00e1 un lugar abierto para la gente\u201d indic\u00f3 la presidenta de la junta de vecinos de Villa Antofagasta, Lorena Zepeda.<\/p>\n<p>Al respecto, el alcalde de Ovalle, Claudio Renter\u00eda sostuvo que esta acci\u00f3n municipal significa \u201ccristalizar un proyecto que se gener\u00f3 con el \u00edmpetu de sus dirigentes y el apoyo del municipio. Estamos contentos porque esto refleja que el trabajo en conjunto siempre llega a buenos t\u00e9rminos, puesto que desde ahora los vecinos de Villa Antofagasta contar\u00e1n con un lugar digno para sus reuniones y actividades, dejando atr\u00e1s las incomodidades que generaba el hecho de no contar con una sede social\u201d.<\/p>\n<p>La jornada inaugural finaliz\u00f3 con la develaci\u00f3n de una placa recordatoria y el tradicional corte de cinta, con el que se oficializ\u00f3 la apertura de la nueva sede social de Villa Antofagasta.<\/p>\n<p>&nbsp;<\/p>\n","protected":false},"excerpt":{"rendered":"<p>La nueva sede social se concret\u00f3, gracias a la inversi\u00f3n que realiz\u00f3 el municipio de Ovalle, con recursos propios, con el fin de darles dignidad a los residentes, quienes tendr\u00e1n dependencias aptas para sus actividades y dejar\u00e1n atr\u00e1s las incomodidades.<\/p>\n","protected":false},"author":2,"featured_media":4416,"comment_status":"open","ping_status":"open","sticky":false,"template":"","format":"standard","meta":{"footnotes":""},"categories":[5],"tags":[],"class_list":["post-4415","post","type-post","status-publish","format-standard","has-post-thumbnail","hentry","category-actualidad-limarina"],"_links":{"self":[{"href":"https:\/\/www.radiolimari.cl\/index.php?rest_route=\/wp\/v2\/posts\/4415","targetHints":{"allow":["GET"]}}],"collection":[{"href":"https:\/\/www.radiolimari.cl\/index.php?rest_route=\/wp\/v2\/posts"}],"about":[{"href":"https:\/\/www.radiolimari.cl\/index.php?rest_route=\/wp\/v2\/types\/post"}],"author":[{"embeddable":true,"href":"https:\/\/www.radiolimari.cl\/index.php?rest_route=\/wp\/v2\/users\/2"}],"replies":[{"embeddable":true,"href":"https:\/\/www.radiolimari.cl\/index.php?rest_route=%2Fwp%2Fv2%2Fcomments&post=4415"}],"version-history":[{"count":1,"href":"https:\/\/www.radiolimari.cl\/index.php?rest_route=\/wp\/v2\/posts\/4415\/revisions"}],"predecessor-version":[{"id":4417,"href":"https:\/\/www.radiolimari.cl\/index.php?rest_route=\/wp\/v2\/posts\/4415\/revisions\/4417"}],"wp:featuredmedia":[{"embeddable":true,"href":"https:\/\/www.radiolimari.cl\/index.php?rest_route=\/wp\/v2\/media\/4416"}],"wp:attachment":[{"href":"https:\/\/www.radiolimari.cl\/index.php?rest_route=%2Fwp%2Fv2%2Fmedia&parent=4415"}],"wp:term":[{"taxonomy":"category","embeddable":true,"href":"https:\/\/www.radiolimari.cl\/index.php?rest_route=%2Fwp%2Fv2%2Fcategories&post=4415"},{"taxonomy":"post_tag","embeddable":true,"href":"https:\/\/www.radiolimari.cl\/index.php?rest_route=%2Fwp%2Fv2%2Ftags&post=4415"}],"curies":[{"name":"wp","href":"https:\/\/api.w.org\/{rel}","templated":true}]}}