{"id":4412,"date":"2021-02-01T18:49:02","date_gmt":"2021-02-01T18:49:02","guid":{"rendered":"http:\/\/www.radiolimari.cl\/?p=4412"},"modified":"2021-02-01T18:49:02","modified_gmt":"2021-02-01T18:49:02","slug":"advierten-uso-indebido-de-permisos-de-desplazamiento-durante-el-primer-fin-de-semana-de-cuarentena-en-la-region-de-coquimbo","status":"publish","type":"post","link":"https:\/\/www.radiolimari.cl\/?p=4412","title":{"rendered":"Advierten uso indebido de permisos de desplazamiento durante el primer fin de semana de cuarentena en la Regi\u00f3n de Coquimbo"},"content":{"rendered":"<p><a href=\"https:\/\/www.radiolimari.cl\/wp-content\/uploads\/2021\/02\/1.2-pandemia.jpeg\"><img fetchpriority=\"high\" decoding=\"async\" class=\"alignnone size-medium wp-image-4413\" src=\"https:\/\/www.radiolimari.cl\/wp-content\/uploads\/2021\/02\/1.2-pandemia-300x224.jpeg\" alt=\"1.2 pandemia\" width=\"300\" height=\"224\" srcset=\"https:\/\/www.radiolimari.cl\/wp-content\/uploads\/2021\/02\/1.2-pandemia-300x224.jpeg 300w, https:\/\/www.radiolimari.cl\/wp-content\/uploads\/2021\/02\/1.2-pandemia.jpeg 1024w\" sizes=\"(max-width: 300px) 100vw, 300px\" \/><\/a><\/p>\n<p>&#8211;\u00a0\u00a0\u00a0\u00a0\u00a0\u00a0 <strong>Pese a registrar una disminuci\u00f3n en el tr\u00e1nsito de personas en las comunas de La Serena, Coquimbo y Los Vilos, hubo 113 detenidos y \u00a0m\u00e1s de 420 sumarios sanitarios por movilizarse sin documentaci\u00f3n o darle mal uso a dicho permiso.<\/strong><!--more--><\/p>\n<p>Tras el primer fin de semana de cuarentena en las comunas de Los Vilos, Coquimbo y La Serena \u2013en el marco de la Fase 2 de Transici\u00f3n-, las autoridades que conforman el comit\u00e9 de crisis realizaron una evaluaci\u00f3n del comportamiento de la comunidad y la efectividad de esta medida.<\/p>\n<p><strong>\u201cEn general hubo un buen comportamiento de la ciudadan\u00eda, sin embargo, respecto del Permiso Temporal de Desplazamiento General vimos un mal uso. Muchos lo toman para ir a comprar, pero en realidad lo usan para ir a pasear, por eso, el llamado es a usar de buena forma y con responsabilidad todos estos permisos\u201d<\/strong>, dijo el Intendente Pablo Herman.<\/p>\n<p>La autoridad regional enfatiz\u00f3 en la importancia de respetar la normativa sanitaria, sobre todo en los pr\u00f3ximos d\u00edas, pues <strong>\u201cseg\u00fan nuestras proyecciones, la primera y segunda semana de febrero es donde m\u00e1s uso hospitalario vamos a tener, adem\u00e1s de un peak de contagios, por lo que es fundamental respetar todas las normas que la autoridad sanitaria nos pide\u201d.<\/strong><\/p>\n<p>Esta informaci\u00f3n fue profundizada por el Jefe de la defensa Regional, el General Pablo Onetto, quien detall\u00f3 que este fin de semana <strong>\u201cal interior de las comunas se controlaron cerca de 20 mil veh\u00edculos durante los dos d\u00edas de cuarentena, con 33 mil personas, y se cursaron m\u00e1s de 420 sumarios sanitarios por mal uso de los permisos temporales o transitar sin permiso. Carabineros\u00a0 tom\u00f3 detenidos a 113 personas por el art\u00edculo 318, poniendo en peligro la salud p\u00fablica por infracci\u00f3n de las reglas higi\u00e9nicas o de salubridad\u201d.<\/strong><\/p>\n<p>Durante el confinamiento, las fuerzas de orden desarrollaron adem\u00e1s un intenso despliegue focalizado hacia lugares de mayor afluencia de p\u00fablico, especialmente, en el borde costero. En este despliegue se fiscaliz\u00f3 a 1.317 personas y hubo otros 73 sumarios sanitarios por mal uso o no poseer permisos.<\/p>\n<p>En tanto, en los puntos externos de control establecidos en estas tres comunas se realizaron 23 mil fiscalizaciones a veh\u00edculos, siendo devueltos 955 por tratar de ingresar o salir desde estas ciudades. <strong>\u201cEn Los Vilos, muchos veh\u00edculos que se trasladaban por la Ruta 5 intentaron entrar a la comuna para alguna actividad recreativa. Mientras que el La Serena, en el punto de control de Pel\u00edcana, fueron devueltos 71 veh\u00edculos de personas que trataron de salir el viernes de la zona en cuarentena\u201d,<\/strong> agreg\u00f3 el General Onetto.<\/p>\n<p>&nbsp;<\/p>\n<p><strong>Permisos de desplazamiento general y Vacaciones.<\/strong><\/p>\n<p>Respecto de la actividad registrada en Comisar\u00eda Virtual, particularmente sobre la solicitud de Permiso de Desplazamiento, el Jefe de la IV Zona de Carabineros, General Rodrigo Espinoza, detall\u00f3 que <strong>\u201ceste fin de semana se registraron 162 mil solicitudes, lo que es bastante para la poblaci\u00f3n de la regi\u00f3n, por lo que tenemos que orientar a la comunidad para que los utilice para realizar actividades b\u00e1sicas y no para ir de paseo o actividades similares\u201d.<\/strong><\/p>\n<p>El alto mando policial enfatiz\u00f3 en que <strong>\u201ces importante que la comunidad entienda que lo que se hace es para beneficio de toda la poblaci\u00f3n, y en esta l\u00ednea, pedimos adem\u00e1s respeto hacia los fiscalizadores, porque todos nosotros, junto a la PDI y la autoridad sanitaria, estamos haciendo un trabajo que apunta a cuidar a todos los vecinos\u201d.<\/strong><\/p>\n<p>Finalmente, las autoridades informaron que durante los \u00faltimos d\u00edas se observa un aumento en el promedio de solicitudes para vacacionar en la regi\u00f3n. En enero el promedio diario era de 4.500 permisos, mientras que durante los \u00faltimos tres d\u00edas la media supera los 7.000 diarios.<\/p>\n<p>Hasta la fecha, se han solicitado 1.611.505 Permisos de Vacaciones a nivel nacional, de los que m\u00e1s de 168 mil son con destino a la Regi\u00f3n de Coquimbo, la que permanece como la cuarta preferencia entre los turistas nacionales. Adem\u00e1s, esta es la tercera regi\u00f3n que m\u00e1s permisos ha solicitado para vacacionar en otras zonas.<\/p>\n","protected":false},"excerpt":{"rendered":"<p>&#8211;\u00a0\u00a0\u00a0\u00a0\u00a0\u00a0 Pese a registrar una disminuci\u00f3n en el tr\u00e1nsito de personas en las comunas de La Serena, Coquimbo y Los Vilos, hubo 113 detenidos y \u00a0m\u00e1s de 420 sumarios sanitarios por movilizarse sin documentaci\u00f3n o darle mal uso a dicho permiso.<\/p>\n","protected":false},"author":2,"featured_media":4413,"comment_status":"open","ping_status":"open","sticky":false,"template":"","format":"standard","meta":{"footnotes":""},"categories":[6],"tags":[],"class_list":["post-4412","post","type-post","status-publish","format-standard","has-post-thumbnail","hentry","category-regionales"],"_links":{"self":[{"href":"https:\/\/www.radiolimari.cl\/index.php?rest_route=\/wp\/v2\/posts\/4412","targetHints":{"allow":["GET"]}}],"collection":[{"href":"https:\/\/www.radiolimari.cl\/index.php?rest_route=\/wp\/v2\/posts"}],"about":[{"href":"https:\/\/www.radiolimari.cl\/index.php?rest_route=\/wp\/v2\/types\/post"}],"author":[{"embeddable":true,"href":"https:\/\/www.radiolimari.cl\/index.php?rest_route=\/wp\/v2\/users\/2"}],"replies":[{"embeddable":true,"href":"https:\/\/www.radiolimari.cl\/index.php?rest_route=%2Fwp%2Fv2%2Fcomments&post=4412"}],"version-history":[{"count":1,"href":"https:\/\/www.radiolimari.cl\/index.php?rest_route=\/wp\/v2\/posts\/4412\/revisions"}],"predecessor-version":[{"id":4414,"href":"https:\/\/www.radiolimari.cl\/index.php?rest_route=\/wp\/v2\/posts\/4412\/revisions\/4414"}],"wp:featuredmedia":[{"embeddable":true,"href":"https:\/\/www.radiolimari.cl\/index.php?rest_route=\/wp\/v2\/media\/4413"}],"wp:attachment":[{"href":"https:\/\/www.radiolimari.cl\/index.php?rest_route=%2Fwp%2Fv2%2Fmedia&parent=4412"}],"wp:term":[{"taxonomy":"category","embeddable":true,"href":"https:\/\/www.radiolimari.cl\/index.php?rest_route=%2Fwp%2Fv2%2Fcategories&post=4412"},{"taxonomy":"post_tag","embeddable":true,"href":"https:\/\/www.radiolimari.cl\/index.php?rest_route=%2Fwp%2Fv2%2Ftags&post=4412"}],"curies":[{"name":"wp","href":"https:\/\/api.w.org\/{rel}","templated":true}]}}