{"id":4409,"date":"2021-02-01T18:27:24","date_gmt":"2021-02-01T18:27:24","guid":{"rendered":"http:\/\/www.radiolimari.cl\/?p=4409"},"modified":"2021-02-01T18:27:24","modified_gmt":"2021-02-01T18:27:24","slug":"habilitan-plataforma-de-inscripcion-para-vacunacion-covid-19-en-ovalle","status":"publish","type":"post","link":"https:\/\/www.radiolimari.cl\/?p=4409","title":{"rendered":"Habilitan plataforma de inscripci\u00f3n para vacunaci\u00f3n Covid-19 en Ovalle"},"content":{"rendered":"<p><a href=\"https:\/\/www.radiolimari.cl\/wp-content\/uploads\/2021\/02\/29.1-Vacunaci\u00f3n-masiva-21.jpg\"><img fetchpriority=\"high\" decoding=\"async\" class=\"alignnone size-medium wp-image-4410\" src=\"https:\/\/www.radiolimari.cl\/wp-content\/uploads\/2021\/02\/29.1-Vacunaci\u00f3n-masiva-21-300x199.jpg\" alt=\"29.1 Vacunaci\u00f3n masiva (2)\" width=\"300\" height=\"199\" srcset=\"https:\/\/www.radiolimari.cl\/wp-content\/uploads\/2021\/02\/29.1-Vacunaci\u00f3n-masiva-21-300x199.jpg 300w, https:\/\/www.radiolimari.cl\/wp-content\/uploads\/2021\/02\/29.1-Vacunaci\u00f3n-masiva-21-1024x682.jpg 1024w, https:\/\/www.radiolimari.cl\/wp-content\/uploads\/2021\/02\/29.1-Vacunaci\u00f3n-masiva-21.jpg 2048w\" sizes=\"(max-width: 300px) 100vw, 300px\" \/><\/a><\/p>\n<p><strong><em>Este sistema se encuentra disponible en <a href=\"http:\/\/www.municipalidaddeovalle.cl\">www.municipalidaddeovalle.cl<\/a> , donde encontrar\u00e1n la calendarizaci\u00f3n del proceso de vacunas para que asistan al Estadio Municipal Diaguita de Ovalle<\/em><\/strong><!--more--><\/p>\n<p>Este mi\u00e9rcoles 3 de febrero se inicia la vacunaci\u00f3n masiva contra el Covid-19 a nivel nacional y en Ovalle se habilitar\u00e1 el Estadio Municipal Diaguita, lugar que contar\u00e1 con 20 puntos de inoculaci\u00f3n. Pero para mantener el orden de los grupos etarios y evitar aglomeraciones es esencial que las personas se informen sobre el calendario de vacunaci\u00f3n, que fue definido por el Gobierno, de acuerdo a las prioridades que se han generado en la pandemia.<\/p>\n<p>En este sentido, el municipio de Ovalle habilit\u00f3 una plataforma, a trav\u00e9s de la p\u00e1gina web <a href=\"http:\/\/www.municipalidaddeovalle.cl\">www.municipalidaddeovalle.cl<\/a> en el link \u201cVacunaci\u00f3n masiva contra el Covid-19\u201d (<a href=\"https:\/\/municipalidadovalle.cl\/sitio\/agenda-tu-hora\/\">https:\/\/municipalidadovalle.cl\/sitio\/agenda-tu-hora\/<\/a>) , donde encontrar\u00e1n el detalle de la calendarizaci\u00f3n de los primeros diez d\u00edas, los grupos etarios y trabajadores que de acuerdo a sus funciones deben recibir esta primera dosis. Asimismo, tendr\u00e1n a su disposici\u00f3n una plataforma, donde podr\u00e1n registrarse con sus datos personales y reservar una hora para ser vacunados por el personal m\u00e9dico del departamento de Salud Municipal de Ovalle.<\/p>\n<p>\u201cEl \u00fanico punto de vacunaci\u00f3n ser\u00e1 el Estadio Municipal Diaguita, debido a que cuenta con amplias dependencias que permiten garantizar el distanciamiento social, una \u00f3ptima ventilaci\u00f3n y adem\u00e1s, cuenta con espacios amplios para habilitar puntos de inoculaci\u00f3n. Es importante que las personas comprendan que tras suministrarle la vacuna deben permanecer media hora en el recinto deportivo, por si existen efectos adversos a esta primera dosis. Para eso contaremos con un equipo m\u00e9dico que conformar\u00e1 un equipo de emergencia, a cargo de monitorear este tipo de situaciones\u201d sostuvo el alcalde\u00a0 de Ovalle, Claudio Renter\u00eda.<\/p>\n<p>Por su parte, la jefa del departamento de Salud Municipal, \u00c1ngela Neira indic\u00f3 que estamos \u201cante un proceso muy relevante y haremos todos los esfuerzos para que sea r\u00e1pido y expedito, pero debemos tomar los resguardos que nos indica la autoridad sanitaria, para que la vacunaci\u00f3n se haga correctamente y no tengamos ning\u00fan problema en su desarrollo. El objetivo principal es que toda persona agende su hora, previamente a asistir a vacunarse y cumplamos con el calendario propuesto por el Gobierno\u201d.<\/p>\n<p>En lo referente a las personas postradas, el departamento de Salud conformar\u00e1 equipos especializados que ir\u00e1n a los domicilios de estos pacientes para suministrarle la vacuna.<\/p>\n<p>En lo que respecta a la zona rural, se est\u00e1 elaborando un plan para contar con buses de acercamiento, el cual informaremos, a trav\u00e9s de nuestras redes social Ilustre Municipalidad de Ovalle en Facebook y @muniovalle en Instagram.<\/p>\n<p>A cada persona que reciba la vacuna se le entregar\u00e1 un carnet, con sus datos personales, el cual deber\u00e1 presentar para recibir la segunda dosis, en un periodo de 28 d\u00edas.<\/p>\n<p>Se trata de un enorme desaf\u00edo, puesto que, de acuerdo a lo se\u00f1alado por el Gobierno, esta campa\u00f1a durar\u00e1 hasta vacunar, al menos, al 80% de la poblaci\u00f3n y de esta forma generar la denominada \u201cinmunidad de reba\u00f1o\u201d, lo que, seg\u00fan expertos, ser\u00eda el principio del fin de la pandemia.<\/p>\n<p>&nbsp;<\/p>\n","protected":false},"excerpt":{"rendered":"<p>Este sistema se encuentra disponible en www.municipalidaddeovalle.cl , donde encontrar\u00e1n la calendarizaci\u00f3n del proceso de vacunas para que asistan al Estadio Municipal Diaguita de Ovalle<\/p>\n","protected":false},"author":2,"featured_media":4410,"comment_status":"open","ping_status":"open","sticky":false,"template":"","format":"standard","meta":{"footnotes":""},"categories":[5],"tags":[],"class_list":["post-4409","post","type-post","status-publish","format-standard","has-post-thumbnail","hentry","category-actualidad-limarina"],"_links":{"self":[{"href":"https:\/\/www.radiolimari.cl\/index.php?rest_route=\/wp\/v2\/posts\/4409","targetHints":{"allow":["GET"]}}],"collection":[{"href":"https:\/\/www.radiolimari.cl\/index.php?rest_route=\/wp\/v2\/posts"}],"about":[{"href":"https:\/\/www.radiolimari.cl\/index.php?rest_route=\/wp\/v2\/types\/post"}],"author":[{"embeddable":true,"href":"https:\/\/www.radiolimari.cl\/index.php?rest_route=\/wp\/v2\/users\/2"}],"replies":[{"embeddable":true,"href":"https:\/\/www.radiolimari.cl\/index.php?rest_route=%2Fwp%2Fv2%2Fcomments&post=4409"}],"version-history":[{"count":1,"href":"https:\/\/www.radiolimari.cl\/index.php?rest_route=\/wp\/v2\/posts\/4409\/revisions"}],"predecessor-version":[{"id":4411,"href":"https:\/\/www.radiolimari.cl\/index.php?rest_route=\/wp\/v2\/posts\/4409\/revisions\/4411"}],"wp:featuredmedia":[{"embeddable":true,"href":"https:\/\/www.radiolimari.cl\/index.php?rest_route=\/wp\/v2\/media\/4410"}],"wp:attachment":[{"href":"https:\/\/www.radiolimari.cl\/index.php?rest_route=%2Fwp%2Fv2%2Fmedia&parent=4409"}],"wp:term":[{"taxonomy":"category","embeddable":true,"href":"https:\/\/www.radiolimari.cl\/index.php?rest_route=%2Fwp%2Fv2%2Fcategories&post=4409"},{"taxonomy":"post_tag","embeddable":true,"href":"https:\/\/www.radiolimari.cl\/index.php?rest_route=%2Fwp%2Fv2%2Ftags&post=4409"}],"curies":[{"name":"wp","href":"https:\/\/api.w.org\/{rel}","templated":true}]}}