{"id":4389,"date":"2021-01-28T19:58:39","date_gmt":"2021-01-28T19:58:39","guid":{"rendered":"http:\/\/www.radiolimari.cl\/?p=4389"},"modified":"2021-01-28T19:58:39","modified_gmt":"2021-01-28T19:58:39","slug":"20-pymes-del-sector-minero-optimizaran-la-explotacion-de-sus-recursos","status":"publish","type":"post","link":"https:\/\/www.radiolimari.cl\/?p=4389","title":{"rendered":"20 pymes del sector minero optimizar\u00e1n la explotaci\u00f3n de sus recursos"},"content":{"rendered":"<p><a href=\"https:\/\/www.radiolimari.cl\/wp-content\/uploads\/2021\/01\/28.1-par-miner\u00eda.jpg\"><img decoding=\"async\" class=\"alignnone size-medium wp-image-4390\" src=\"https:\/\/www.radiolimari.cl\/wp-content\/uploads\/2021\/01\/28.1-par-miner\u00eda-300x161.jpg\" alt=\"28.1 par miner\u00eda\" width=\"300\" height=\"161\" srcset=\"https:\/\/www.radiolimari.cl\/wp-content\/uploads\/2021\/01\/28.1-par-miner\u00eda-300x160.jpg 300w, https:\/\/www.radiolimari.cl\/wp-content\/uploads\/2021\/01\/28.1-par-miner\u00eda-1024x550.jpg 1024w, https:\/\/www.radiolimari.cl\/wp-content\/uploads\/2021\/01\/28.1-par-miner\u00eda-620x330.jpg 620w, https:\/\/www.radiolimari.cl\/wp-content\/uploads\/2021\/01\/28.1-par-miner\u00eda.jpg 1280w\" sizes=\"(max-width: 300px) 100vw, 300px\" \/><\/a><\/p>\n<p><span style=\"color: #222222;\">Mejorar la competitividad de empresas del sector minero, de las comunas de Canela, Combarbal\u00e1, Punitaqui y Monte Patria, mediante el apoyo en inversi\u00f3n de activos y realizaci\u00f3n de asesor\u00edas, fue el objetivo del apoyo de Corfo y el Gobierno Regional, a trav\u00e9s del Programa Gesti\u00f3n Territorial de Zonas Rezagadas, para contribuir al fortalecimiento de sus negocios y a la reactivaci\u00f3n del sector.<\/span><!--more--><\/p>\n<p style=\"font-weight: 400;\">La miner\u00eda a peque\u00f1a escala ha ido tomando una mayor relevancia econ\u00f3mica en la Regi\u00f3n de Coquimbo, espec\u00edficamente en las comunas de zonas rezagadas, que ha experimentado un constante desarrollo. Es por esto que, con la ejecuci\u00f3n de estas iniciativas se busca incorporar nuevas tecnolog\u00edas y metodolog\u00edas de trabajo en los procesos de las empresas mineras, con el objetivo de que \u00a0desarrollen sus faenas de explotaci\u00f3n de forma m\u00e1s eficiente, garantizando as\u00ed el cuidado del medio ambiente y de las comunidades cercanas.<\/p>\n<p style=\"font-weight: 400;\">\u201cPara el Consejo Regional, la aprobaci\u00f3n de estos recursos forman parte del Eje de Productividad que significa impulsar y reactivar la econom\u00eda de nuestra regi\u00f3n. El hecho de continuar estos programas en per\u00edodo de pandemia, denota el inter\u00e9s de la ciudadan\u00eda y los beneficiarios de continuar con los trabajos, independiente de la crisis sanitaria que hemos estado viviendo en el \u00faltimo tiempo\u201d, se\u00f1al\u00f3 la presidenta del Consejo Regional, Adriana Pe\u00f1afiel.<\/p>\n<p style=\"font-weight: 400;\">\u201cReitero el inter\u00e9s del Consejo Regional en la continuidad de estas iniciativas dentro el presupuesto presente del a\u00f1o 2021. Ya hemos cumplido uno de los objetivos que nos hemos trazado para este a\u00f1o que es contribuir con nuestros recursos FNDR de un presupuesto de 69 mil millones y\u00a0 que incluye, por supuesto, el programa de Zonas Rezagadas\u201d.<\/p>\n<p style=\"font-weight: 400;\">\u201cEste Programa de Apoyo a la Reactivaci\u00f3n Miner\u00eda tiene dos elementos claves. Uno es la inversi\u00f3n que mejore la productividad de las empresas beneficiarias, pero tambi\u00e9n la asistencia t\u00e9cnica en aspectos que son cr\u00edticos para sus negocios. En este caso es la asesor\u00eda geol\u00f3gica que fue un factor determinante para entregar informaci\u00f3n y capacidades para una mejor gesti\u00f3n de las minas. Para nosotros es muy importante no solo que se nos vea como una entidad importante para la entrega de equipamiento, sino tambi\u00e9n se complemente con la entrega de capacidades\u201d, se\u00f1al\u00f3 el Director Regional de Corfo Gregorio Rodr\u00edguez.<\/p>\n<p style=\"font-weight: 400;\">En ese sentido Contribuir con el cofinanciamiento para desarrollar la actividad minera en las zonas rezagadas, constituye parte de \u00abla pol\u00edtica nacional de zonas rezagadas a trav\u00e9s de sus mesas de participaci\u00f3n ciudadana que ha logrado escuchar de forma cerca las inquietudes de los mineros de las comunas de Canela, Combarbal\u00e1, Punitaqui y Monte Patria , siendo la mesa tem\u00e1tica de miner\u00eda la plataforma para llegar a acuerdos, compromisos y lineamientos\u201d, se\u00f1al\u00f3 el Coordinador regional del Programa Gesti\u00f3n Territorial del Programa, Emilio Contador.<\/p>\n<p style=\"font-weight: 400;\">\u201cEstamos muy agradecidos de este apoyo que hoy se logra concretar sobre todo en la parte de inversi\u00f3n. Cuando el Estado trata de ayudar al productor, lo que siempre nos quejamos es que llega poco aporte a la inversi\u00f3n y ac\u00e1 hay cosas concretas, por ejemplo, la gente que hoy recibe los compresores. El compresor es el alma de la tronadura, la extracci\u00f3n de la roca. Es un elemento que todos los d\u00edas el minero lo va a agradecer de tenerlo propia en terreno. Tambi\u00e9n tiene un componente de co-financiamiento que habla que hay un tipo de filtro que la ayuda del Estado est\u00e1 llegando a la gente que est\u00e1 haciendo trabajos (\u2026\u2026), es una muy buena apuesta por el comportamiento econ\u00f3mico estable de los minerales como para mirarlo como un lugar para depositar esfuerzos y el emprendimiento de nuestra gente, considerando los problemas de hoy en d\u00eda, asociados a la pandemia,\u201d se\u00f1al\u00f3 Cristian P\u00e9rez, Presidente de la Mesa Minera de Zonas Rezagadas.<\/p>\n<p style=\"font-weight: 400;\">Estos programas de reactivaci\u00f3n a la miner\u00eda permiten renovar e incorporar nuevos equipos y maquinarias a los procesos productivos de las empresas participantes, lo que impactar\u00e1 directamente en el aumento de su potencial productivo, ya que los activos que ser\u00e1n adquiridos est\u00e1n orientados a reforzar las etapas del proceso de extracci\u00f3n, que hoy en d\u00eda presentan una baja productividad en las faenas mineras de las empresas beneficiarias. La gesti\u00f3n de las empresas ser\u00e1 fortalecida, mediante la asistencia t\u00e9cnica geolog\u00eda en terreno, la cual generar\u00e1 nuevas alternativas de proyecci\u00f3n y optimizaci\u00f3n de los proyectos mineros. Potenciando el desarrollo de los proyectos mineros, para hacerlos m\u00e1s viables comercialmente y escalables en el tiempo.<\/p>\n","protected":false},"excerpt":{"rendered":"<p>Mejorar la competitividad de empresas del sector minero, de las comunas de Canela, Combarbal\u00e1, Punitaqui y Monte Patria, mediante el apoyo en inversi\u00f3n de activos y realizaci\u00f3n de asesor\u00edas, fue el objetivo del apoyo de Corfo y el Gobierno Regional, a trav\u00e9s del Programa Gesti\u00f3n Territorial de Zonas Rezagadas, para contribuir al fortalecimiento de sus &#8230;<\/p>\n","protected":false},"author":2,"featured_media":4390,"comment_status":"open","ping_status":"open","sticky":false,"template":"","format":"standard","meta":{"footnotes":""},"categories":[6],"tags":[],"class_list":["post-4389","post","type-post","status-publish","format-standard","has-post-thumbnail","hentry","category-regionales"],"_links":{"self":[{"href":"https:\/\/www.radiolimari.cl\/index.php?rest_route=\/wp\/v2\/posts\/4389","targetHints":{"allow":["GET"]}}],"collection":[{"href":"https:\/\/www.radiolimari.cl\/index.php?rest_route=\/wp\/v2\/posts"}],"about":[{"href":"https:\/\/www.radiolimari.cl\/index.php?rest_route=\/wp\/v2\/types\/post"}],"author":[{"embeddable":true,"href":"https:\/\/www.radiolimari.cl\/index.php?rest_route=\/wp\/v2\/users\/2"}],"replies":[{"embeddable":true,"href":"https:\/\/www.radiolimari.cl\/index.php?rest_route=%2Fwp%2Fv2%2Fcomments&post=4389"}],"version-history":[{"count":1,"href":"https:\/\/www.radiolimari.cl\/index.php?rest_route=\/wp\/v2\/posts\/4389\/revisions"}],"predecessor-version":[{"id":4391,"href":"https:\/\/www.radiolimari.cl\/index.php?rest_route=\/wp\/v2\/posts\/4389\/revisions\/4391"}],"wp:featuredmedia":[{"embeddable":true,"href":"https:\/\/www.radiolimari.cl\/index.php?rest_route=\/wp\/v2\/media\/4390"}],"wp:attachment":[{"href":"https:\/\/www.radiolimari.cl\/index.php?rest_route=%2Fwp%2Fv2%2Fmedia&parent=4389"}],"wp:term":[{"taxonomy":"category","embeddable":true,"href":"https:\/\/www.radiolimari.cl\/index.php?rest_route=%2Fwp%2Fv2%2Fcategories&post=4389"},{"taxonomy":"post_tag","embeddable":true,"href":"https:\/\/www.radiolimari.cl\/index.php?rest_route=%2Fwp%2Fv2%2Ftags&post=4389"}],"curies":[{"name":"wp","href":"https:\/\/api.w.org\/{rel}","templated":true}]}}