{"id":4386,"date":"2021-01-28T19:51:02","date_gmt":"2021-01-28T19:51:02","guid":{"rendered":"http:\/\/www.radiolimari.cl\/?p=4386"},"modified":"2021-01-28T19:51:02","modified_gmt":"2021-01-28T19:51:02","slug":"actualizacion-confirman-llegada-de-sistema-frontal-y-aumento-en-precipitaciones-pronosticadas","status":"publish","type":"post","link":"https:\/\/www.radiolimari.cl\/?p=4386","title":{"rendered":"Actualizaci\u00f3n: Confirman llegada de sistema frontal y aumento en precipitaciones pronosticadas"},"content":{"rendered":"<p><a href=\"https:\/\/www.radiolimari.cl\/wp-content\/uploads\/2021\/01\/28.1-lluvia-PPS-LIMARI-580x270.png\"><img decoding=\"async\" class=\"alignnone size-medium wp-image-4387\" src=\"https:\/\/www.radiolimari.cl\/wp-content\/uploads\/2021\/01\/28.1-lluvia-PPS-LIMARI-580x270-300x139.png\" alt=\"28.1 lluvia PPS-LIMARI-580x270\" width=\"300\" height=\"139\" srcset=\"https:\/\/www.radiolimari.cl\/wp-content\/uploads\/2021\/01\/28.1-lluvia-PPS-LIMARI-580x270-300x139.png 300w, https:\/\/www.radiolimari.cl\/wp-content\/uploads\/2021\/01\/28.1-lluvia-PPS-LIMARI-580x270.png 580w\" sizes=\"(max-width: 300px) 100vw, 300px\" \/><\/a><\/p>\n<p><b style=\"font-weight: bold; color: #000000;\">Desde el \u00e1rea meteorol\u00f3gica del CEAZA actualizaron la informaci\u00f3n sobre el sistema frontal que afectar\u00eda con precipitaciones a las provincias del Limar\u00ed y del Choapa durante este fin de semana.<\/b><!--more--><\/p>\n<p style=\"font-weight: 600; color: #000000;\">En base al monitoreo constante de las condiciones meteorol\u00f3gicas, el Centro Cient\u00edfico CEAZA\u00a0dio a conocer el pron\u00f3stico de la llegada de un sistema frontal c\u00e1lido a la Regi\u00f3n de Coquimbo, a partir de la tarde del s\u00e1bado 30 de enero.<\/p>\n<p style=\"font-weight: 600; color: #000000;\">En la primera alerta emitida este mi\u00e9rcoles 27 de enero, se pronostic\u00f3 que la Provincia del Choapa ser\u00eda la \u00fanica afectada con precipitaciones y tormentas el\u00e9ctricas durante el s\u00e1bado 30, existiendo escasas probabilidades de que las precipitaciones se extendieran a la Provincia del Limar\u00ed el domingo 31.<\/p>\n<p style=\"font-weight: 600; color: #000000;\">\u201cEstamos atentos al desarrollo de este sistema frontal y existen altas probabilidades de que las precipitaciones y tormentas el\u00e9ctricas se extiendan hasta la provincia del Limar\u00ed, principalmente a los valles interiores, a la precordillera y a la cordillera de las comunas de Monte Patria y Combarbal\u00e1 durante este domingo 31 de enero. Esto de acuerdo a la actualizaci\u00f3n realizada hoy jueves 28\u201d, indica Luis Mu\u00f1oz, meteor\u00f3logo del CEAZA.<\/p>\n<p style=\"font-weight: 600; color: #000000;\">Asimismo,\u00a0 el profesional detalla que\u00a0 las precipitaciones aumentaron levemente respecto a la alerta anterior.\u00a0\u201cSer\u00edan m\u00e1s abundantes en la costa y en la cordillera de la Provincia del Choapa, aumentando de 5 a 10 mm m\u00e1s respecto al pron\u00f3stico anterior. Se estima que en la costa del Choapa precipiten entre 10 a 28 mm, en los valles y precordillera\u00a0 de\u00a0 10 mm a 25 mm, y en la cordillera de 17 a 30, siendo estos los totales de las lluvias contempladas para el s\u00e1bado y domingo. En tanto que en el Limar\u00ed, en los valles y precordillera precipitar\u00edan de 2 a 8 mm, en la precordillera de 5 a 10 mm y en la cordillera entre 5 y 15 mm\u201d.<\/p>\n<p style=\"font-weight: 600; color: #000000;\"><a style=\"font-weight: normal; color: #c5d000;\" href=\"http:\/\/www.ceaza.cl\/wp-content\/uploads\/2021\/01\/PPS-CHOAPA.png\">\u00a0<\/a><\/p>\n","protected":false},"excerpt":{"rendered":"<p>Desde el \u00e1rea meteorol\u00f3gica del CEAZA actualizaron la informaci\u00f3n sobre el sistema frontal que afectar\u00eda con precipitaciones a las provincias del Limar\u00ed y del Choapa durante este fin de semana.<\/p>\n","protected":false},"author":2,"featured_media":4387,"comment_status":"open","ping_status":"open","sticky":false,"template":"","format":"standard","meta":{"footnotes":""},"categories":[5],"tags":[],"class_list":["post-4386","post","type-post","status-publish","format-standard","has-post-thumbnail","hentry","category-actualidad-limarina"],"_links":{"self":[{"href":"https:\/\/www.radiolimari.cl\/index.php?rest_route=\/wp\/v2\/posts\/4386","targetHints":{"allow":["GET"]}}],"collection":[{"href":"https:\/\/www.radiolimari.cl\/index.php?rest_route=\/wp\/v2\/posts"}],"about":[{"href":"https:\/\/www.radiolimari.cl\/index.php?rest_route=\/wp\/v2\/types\/post"}],"author":[{"embeddable":true,"href":"https:\/\/www.radiolimari.cl\/index.php?rest_route=\/wp\/v2\/users\/2"}],"replies":[{"embeddable":true,"href":"https:\/\/www.radiolimari.cl\/index.php?rest_route=%2Fwp%2Fv2%2Fcomments&post=4386"}],"version-history":[{"count":1,"href":"https:\/\/www.radiolimari.cl\/index.php?rest_route=\/wp\/v2\/posts\/4386\/revisions"}],"predecessor-version":[{"id":4388,"href":"https:\/\/www.radiolimari.cl\/index.php?rest_route=\/wp\/v2\/posts\/4386\/revisions\/4388"}],"wp:featuredmedia":[{"embeddable":true,"href":"https:\/\/www.radiolimari.cl\/index.php?rest_route=\/wp\/v2\/media\/4387"}],"wp:attachment":[{"href":"https:\/\/www.radiolimari.cl\/index.php?rest_route=%2Fwp%2Fv2%2Fmedia&parent=4386"}],"wp:term":[{"taxonomy":"category","embeddable":true,"href":"https:\/\/www.radiolimari.cl\/index.php?rest_route=%2Fwp%2Fv2%2Fcategories&post=4386"},{"taxonomy":"post_tag","embeddable":true,"href":"https:\/\/www.radiolimari.cl\/index.php?rest_route=%2Fwp%2Fv2%2Ftags&post=4386"}],"curies":[{"name":"wp","href":"https:\/\/api.w.org\/{rel}","templated":true}]}}