{"id":4383,"date":"2021-01-28T19:41:12","date_gmt":"2021-01-28T19:41:12","guid":{"rendered":"http:\/\/www.radiolimari.cl\/?p=4383"},"modified":"2021-01-28T19:41:12","modified_gmt":"2021-01-28T19:41:12","slug":"seremi-del-trabajo-region-de-coquimbo-aclara-desplazamiento-de-trabajadores-en-fase-2","status":"publish","type":"post","link":"https:\/\/www.radiolimari.cl\/?p=4383","title":{"rendered":"Seremi del Trabajo Regi\u00f3n de Coquimbo,  aclara desplazamiento de trabajadores en Fase 2"},"content":{"rendered":"<p><a href=\"https:\/\/www.radiolimari.cl\/wp-content\/uploads\/2021\/01\/28.1-trabajo.jpg\"><img fetchpriority=\"high\" decoding=\"async\" class=\"alignnone size-medium wp-image-4384\" src=\"https:\/\/www.radiolimari.cl\/wp-content\/uploads\/2021\/01\/28.1-trabajo-300x168.jpg\" alt=\"28.1 trabajo\" width=\"300\" height=\"168\" srcset=\"https:\/\/www.radiolimari.cl\/wp-content\/uploads\/2021\/01\/28.1-trabajo-300x168.jpg 300w, https:\/\/www.radiolimari.cl\/wp-content\/uploads\/2021\/01\/28.1-trabajo.jpg 960w\" sizes=\"(max-width: 300px) 100vw, 300px\" \/><\/a><\/p>\n<ul>\n<li><strong><em>Los trabajadores que prestan servicios esenciales deben transitar con permiso \u00fanico colectivo y una copia de su contrato de trabajo, o un certificado de la relaci\u00f3n laboral. <\/em><\/strong><strong><em>Podr\u00e1n estar en formato f\u00edsico o digital.<\/em><\/strong><\/li>\n<\/ul>\n<p><!--more--><\/p>\n<p style=\"text-align: justify;\"><span style=\"font-family: 'Calibri',sans-serif; color: black;\">Desde este jueves 28 de enero las comunas de Coquimbo, La Serena y Los Vilos entraron en Fase 2 en el plan Paso a Paso, por lo que la autoridad laboral entreg\u00f3 detalles del instructivo de desplazamiento para trabajadores durante los d\u00edas que rige la cuarentena en la etapa de transici\u00f3n.<\/span><\/p>\n<p style=\"text-align: justify;\"><span style=\"font-family: 'Calibri',sans-serif; color: black;\">En este sentido el Seremi del Trabajo, Mat\u00edas Villalobos, coment\u00f3 que \u201ces una medida restrictiva que trae implicancias tanto para trabajadores como para empleadores. Hay que recordar que en fase dos las actividades no esenciales tienen prohibici\u00f3n de funcionamiento durante el fin de semana y festivos, y que los trabajadores que presten servicios esenciales durante los d\u00edas s\u00e1bado y domingo, los empleadores deber\u00e1n tramitar los permisos \u00fanico colectivos correspondientes\u201d.<\/span><\/p>\n<p style=\"text-align: justify;\"><span style=\"font-family: 'Calibri',sans-serif; color: black;\">De acuerdo al instructivo en fase 2 se restringe la movilidad de las personas los d\u00edas s\u00e1bado y domingo, donde pueden funcionar s\u00f3lo los servicios esenciales, por ejemplo, los centros de salud, farmacias, estaciones de servicio, supermercados, entre otros. <\/span><\/p>\n<p style=\"text-align: justify;\"><span style=\"font-family: 'Calibri',sans-serif; color: black;\">Respecto a las restricciones para acceder a un permiso \u00fanico colectivo, el Seremi del Trabajo, Mat\u00edas Villalobos, explic\u00f3 que \u201cse establecieron algunos requisitos adicionales que los trabajadores y empleadores deben poner atenci\u00f3n, ya que al portar el permiso \u00fanico colectivo deben llevar una copia de su contrato de trabajo o un certificado de relaci\u00f3n laboral, que no puede tener una antig\u00fcedad mayor a 30 d\u00edas. Lo anterior debe ser tramitado por el empleador y es para acreditar que es trabajador que presta servicios esenciales durante la cuarentena\u201d.<\/span><\/p>\n<p style=\"text-align: justify;\"><span style=\"font-family: 'Calibri',sans-serif; color: black;\">Seg\u00fan el instructivo de desplazamiento cada persona deber\u00e1 portar, junto al permiso \u00fanico colectivo, una copia de su contrato de trabajo, o un certificado de la relaci\u00f3n laboral. Tanto el contrato de trabajo como los certificados, podr\u00e1n estar en formato f\u00edsico o digital.<\/span><\/p>\n<p style=\"text-align: justify;\"><span style=\"font-family: 'Calibri',sans-serif; color: black;\">Finalmente, el Seremi del Trabajo llam\u00f3 a los empleadores a ser responsables y resguardar eficazmente la salud y seguridad de sus trabajadores. Mientras que los trabajadores que sientan que sus derechos no est\u00e1n siendo respetados a realizar las denuncias correspondientes. \u201cPor medio de la Seremi de Salud en conjunto con la Direcci\u00f3n del Trabajo y las polic\u00edas se ha realizado un arduo trabajo de fiscalizaci\u00f3n con el objetivo de hacer cumplir la normativa laboral y sanitaria\u201d, enfatiz\u00f3.<\/span><\/p>\n<p style=\"text-align: justify;\"><span style=\"font-family: 'Calibri',sans-serif; color: black;\">\u00a0<\/span><\/p>\n","protected":false},"excerpt":{"rendered":"<p>Los trabajadores que prestan servicios esenciales deben transitar con permiso \u00fanico colectivo y una copia de su contrato de trabajo, o un certificado de la relaci\u00f3n laboral. Podr\u00e1n estar en formato f\u00edsico o digital.<\/p>\n","protected":false},"author":2,"featured_media":4384,"comment_status":"open","ping_status":"open","sticky":false,"template":"","format":"standard","meta":{"footnotes":""},"categories":[6],"tags":[],"class_list":["post-4383","post","type-post","status-publish","format-standard","has-post-thumbnail","hentry","category-regionales"],"_links":{"self":[{"href":"https:\/\/www.radiolimari.cl\/index.php?rest_route=\/wp\/v2\/posts\/4383","targetHints":{"allow":["GET"]}}],"collection":[{"href":"https:\/\/www.radiolimari.cl\/index.php?rest_route=\/wp\/v2\/posts"}],"about":[{"href":"https:\/\/www.radiolimari.cl\/index.php?rest_route=\/wp\/v2\/types\/post"}],"author":[{"embeddable":true,"href":"https:\/\/www.radiolimari.cl\/index.php?rest_route=\/wp\/v2\/users\/2"}],"replies":[{"embeddable":true,"href":"https:\/\/www.radiolimari.cl\/index.php?rest_route=%2Fwp%2Fv2%2Fcomments&post=4383"}],"version-history":[{"count":1,"href":"https:\/\/www.radiolimari.cl\/index.php?rest_route=\/wp\/v2\/posts\/4383\/revisions"}],"predecessor-version":[{"id":4385,"href":"https:\/\/www.radiolimari.cl\/index.php?rest_route=\/wp\/v2\/posts\/4383\/revisions\/4385"}],"wp:featuredmedia":[{"embeddable":true,"href":"https:\/\/www.radiolimari.cl\/index.php?rest_route=\/wp\/v2\/media\/4384"}],"wp:attachment":[{"href":"https:\/\/www.radiolimari.cl\/index.php?rest_route=%2Fwp%2Fv2%2Fmedia&parent=4383"}],"wp:term":[{"taxonomy":"category","embeddable":true,"href":"https:\/\/www.radiolimari.cl\/index.php?rest_route=%2Fwp%2Fv2%2Fcategories&post=4383"},{"taxonomy":"post_tag","embeddable":true,"href":"https:\/\/www.radiolimari.cl\/index.php?rest_route=%2Fwp%2Fv2%2Ftags&post=4383"}],"curies":[{"name":"wp","href":"https:\/\/api.w.org\/{rel}","templated":true}]}}