{"id":4380,"date":"2021-01-28T19:35:58","date_gmt":"2021-01-28T19:35:58","guid":{"rendered":"http:\/\/www.radiolimari.cl\/?p=4380"},"modified":"2021-01-28T19:35:58","modified_gmt":"2021-01-28T19:35:58","slug":"museos-de-ovalle-y-vicuna-destacan-en-las-actividades-presenciales-del-especial-museosenverano","status":"publish","type":"post","link":"https:\/\/www.radiolimari.cl\/?p=4380","title":{"rendered":"Museos de Ovalle y Vicu\u00f1a destacan en las actividades presenciales del especial #MuseosEnVerano"},"content":{"rendered":"<p><a href=\"https:\/\/www.radiolimari.cl\/wp-content\/uploads\/2021\/01\/28.01Museo-Limar\u00ed-03.jpg\"><img fetchpriority=\"high\" decoding=\"async\" class=\"alignnone size-medium wp-image-4381\" src=\"https:\/\/www.radiolimari.cl\/wp-content\/uploads\/2021\/01\/28.01Museo-Limar\u00ed-03-300x199.jpg\" alt=\"28.01Museo Limar\u00ed 03\" width=\"300\" height=\"199\" srcset=\"https:\/\/www.radiolimari.cl\/wp-content\/uploads\/2021\/01\/28.01Museo-Limar\u00ed-03-300x199.jpg 300w, https:\/\/www.radiolimari.cl\/wp-content\/uploads\/2021\/01\/28.01Museo-Limar\u00ed-03.jpg 1021w\" sizes=\"(max-width: 300px) 100vw, 300px\" \/><\/a><\/p>\n<p><strong>En el sitio <a href=\"https:\/\/eligecultura.gob.cl\/\">eligecultura.gob.cl<\/a> se identificaron los espacios culturales <\/strong><strong>abiertos a p\u00fablico presencial a lo largo del pa\u00eds a trav\u00e9s de un mapa interactivo. Conoce c\u00f3mo y cu\u00e1ndo visitar el Museo del Limar\u00ed y Museo Gabriela Mistral.<\/strong><!--more--><\/p>\n<p>Exposiciones, talleres, recorridos virtuales y muestras de dinosaurios, son algunas de las actividades presenciales y panoramas virtuales que se encuentran reunidos en el especial de #MuseosEnVerano que lanz\u00f3 el Ministerio de las Culturas, las Artes y el Patrimonio a trav\u00e9s de la plataforma Elige Cultura (<a href=\"http:\/\/www.eligecultura.gob.cl\/especiales\/museos-en-verano\/\">www.eligecultura.gob.cl\/especiales\/museos-en-verano\/<\/a>).<\/p>\n<p>La iniciativa busca reunir en un solo lugar las actividades, exposiciones y oferta cultural, tanto presencial como virtual que los museos han preparado para este verano 2021; ya son m\u00e1s de 40 las actividades inscritas. A trav\u00e9s de la plataforma colaborativa Elige Cultura la ciudadan\u00eda tendr\u00e1 acceso a un mapa interactivo y din\u00e1mico de Chile donde podr\u00e1 visualizar las actividades de los museos inscritos, oferta que ser\u00e1 difundida durante todo el verano.<\/p>\n<p>En esta novedosa plataforma destaca la presencia de dos espacios culturales de la Regi\u00f3n de Coquimbo: Museo del Limar\u00ed (Ovalle) y Museo Gabriela Mistral (Vicu\u00f1a).<\/p>\n<p>\u201cEstamos muy contentos de poder entregarle a la comunidad regional y al pa\u00eds entero, la posibilidad de disfrutar la experiencia que nos entregan dos recintos muy importantes para nuestra regi\u00f3n. Ambos museos tienen una interesante oferta presencial y virtual, por lo que no hay impedimento para conocer m\u00e1s sobre nuestra rica historia ancestral (Museo Limar\u00ed) y tambi\u00e9n sobre el valioso legado de nuestra Premio Nobel de Literatura (Museo Gabriela Mistral)\u201d, valor\u00f3 el seremi de las Culturas, Francisco Varas.<\/p>\n<p>El <a href=\"https:\/\/www.museolimari.gob.cl\/sitio\/\">Museo del Limar\u00ed<\/a>, ubicado en Ovalle, recibir\u00e1 al p\u00fablico con un aforo reducido de cuatro personas en su sala. El recinto abrir\u00e1 sus puertas los mi\u00e9rcoles y viernes, entre 10:00 y 11:00 horas, y desde 12:00 a 13:00 horas. Para agendar visitas, los interesados deben llamar al tel\u00e9fono +512662282 o escribir al correo <a href=\"mailto:museo.limari@museoschile.gob.cl\">museo.limari@museoschile.gob.cl<\/a>.<\/p>\n<p>Por su parte, el Museo Gabriela Mistral de Vicu\u00f1a invita a la comunidad a visitar sus dependencias cada martes y jueves, de 11:00 a 12:00 horas y de 15:00 a 16:00 horas, considerando un aforo m\u00e1ximo de diez personas por grupo. Para el agendamiento de visitas, se debe completar un <a href=\"https:\/\/www.mgmistral.gob.cl\/sitio\/Contenido\/Noticias\/97980:Formulario-para-visitas\">formulario<\/a> de registro disponible en el sitio web <a href=\"https:\/\/www.mgmistral.gob.cl\/\">https:\/\/www.mgmistral.gob.cl\/<\/a>.<\/p>\n<p>&nbsp;<\/p>\n","protected":false},"excerpt":{"rendered":"<p>En el sitio eligecultura.gob.cl se identificaron los espacios culturales abiertos a p\u00fablico presencial a lo largo del pa\u00eds a trav\u00e9s de un mapa interactivo. Conoce c\u00f3mo y cu\u00e1ndo visitar el Museo del Limar\u00ed y Museo Gabriela Mistral.<\/p>\n","protected":false},"author":2,"featured_media":4381,"comment_status":"open","ping_status":"open","sticky":false,"template":"","format":"standard","meta":{"footnotes":""},"categories":[3],"tags":[],"class_list":["post-4380","post","type-post","status-publish","format-standard","has-post-thumbnail","hentry","category-actualidad"],"_links":{"self":[{"href":"https:\/\/www.radiolimari.cl\/index.php?rest_route=\/wp\/v2\/posts\/4380","targetHints":{"allow":["GET"]}}],"collection":[{"href":"https:\/\/www.radiolimari.cl\/index.php?rest_route=\/wp\/v2\/posts"}],"about":[{"href":"https:\/\/www.radiolimari.cl\/index.php?rest_route=\/wp\/v2\/types\/post"}],"author":[{"embeddable":true,"href":"https:\/\/www.radiolimari.cl\/index.php?rest_route=\/wp\/v2\/users\/2"}],"replies":[{"embeddable":true,"href":"https:\/\/www.radiolimari.cl\/index.php?rest_route=%2Fwp%2Fv2%2Fcomments&post=4380"}],"version-history":[{"count":1,"href":"https:\/\/www.radiolimari.cl\/index.php?rest_route=\/wp\/v2\/posts\/4380\/revisions"}],"predecessor-version":[{"id":4382,"href":"https:\/\/www.radiolimari.cl\/index.php?rest_route=\/wp\/v2\/posts\/4380\/revisions\/4382"}],"wp:featuredmedia":[{"embeddable":true,"href":"https:\/\/www.radiolimari.cl\/index.php?rest_route=\/wp\/v2\/media\/4381"}],"wp:attachment":[{"href":"https:\/\/www.radiolimari.cl\/index.php?rest_route=%2Fwp%2Fv2%2Fmedia&parent=4380"}],"wp:term":[{"taxonomy":"category","embeddable":true,"href":"https:\/\/www.radiolimari.cl\/index.php?rest_route=%2Fwp%2Fv2%2Fcategories&post=4380"},{"taxonomy":"post_tag","embeddable":true,"href":"https:\/\/www.radiolimari.cl\/index.php?rest_route=%2Fwp%2Fv2%2Ftags&post=4380"}],"curies":[{"name":"wp","href":"https:\/\/api.w.org\/{rel}","templated":true}]}}