{"id":4368,"date":"2021-01-26T16:56:08","date_gmt":"2021-01-26T16:56:08","guid":{"rendered":"http:\/\/www.radiolimari.cl\/?p=4368"},"modified":"2021-01-26T16:56:08","modified_gmt":"2021-01-26T16:56:08","slug":"8-765-personas-recibieron-la-primera-dosis-de-la-vacuna-contra-el-covid-en-la-region-de-coquimbo","status":"publish","type":"post","link":"https:\/\/www.radiolimari.cl\/?p=4368","title":{"rendered":"8.765 personas recibieron la primera dosis de la vacuna contra el Covid en la regi\u00f3n de Coquimbo"},"content":{"rendered":"<p><a href=\"https:\/\/www.radiolimari.cl\/wp-content\/uploads\/2021\/01\/26.1-vacuna.jpg\"><img decoding=\"async\" class=\"alignnone size-medium wp-image-4369\" src=\"https:\/\/www.radiolimari.cl\/wp-content\/uploads\/2021\/01\/26.1-vacuna-300x145.jpg\" alt=\"26.1 vacuna\" width=\"300\" height=\"145\" srcset=\"https:\/\/www.radiolimari.cl\/wp-content\/uploads\/2021\/01\/26.1-vacuna-300x145.jpg 300w, https:\/\/www.radiolimari.cl\/wp-content\/uploads\/2021\/01\/26.1-vacuna-1024x497.jpg 1024w, https:\/\/www.radiolimari.cl\/wp-content\/uploads\/2021\/01\/26.1-vacuna.jpg 1152w\" sizes=\"(max-width: 300px) 100vw, 300px\" \/><\/a><\/p>\n<p><strong><em>En el reporte de hoy martes 26 de Enero, se informaron 121 casos nuevos de la enfermedad<\/em><\/strong><!--more--><\/p>\n<p>Con un in\u00e9dito despliegue territorial, la semana pasada se inici\u00f3 el hist\u00f3rico proceso de vacunaci\u00f3n contra el Coronavirus en la regi\u00f3n de Coquimbo.<\/p>\n<p>Este martes, las autoridades regionales hicieron un balance, destacando la labor de todos los equipos de la Seremi de Salud y de la Red Asistencial que colaboraron para que la inmunizaci\u00f3n se realizara sin contratiempos.<\/p>\n<p>\u201cMe gustar\u00eda agradecer a los equipos encargados del exitoso proceso de vacunaci\u00f3n contra el Covid vivido en los \u00faltimos d\u00edas.\u00a0 En total, inmunizamos a 8.765 personas con la primera dosis de la vacuna dirigida a profesionales de la Red Asistencial de toda nuestra regi\u00f3n y residentes de Establecimientos de Larga Estad\u00eda para el Adulto Mayor\u201d, indic\u00f3 el Seremi de Salud, Alejandro Garc\u00eda.<\/p>\n<p>La autoridad inform\u00f3, adem\u00e1s, que este proceso continuar\u00e1 en las pr\u00f3ximas semanas \u201ccon la llegada de nuevas dosis, para seguir resguardando la salud de toda nuestra poblaci\u00f3n\u201d.<\/p>\n<p>&nbsp;<\/p>\n<p><strong>Reporte Sanitario<\/strong><\/p>\n<p>En relaci\u00f3n al balance sanitario, se informaron 121 casos nuevos de Coronavirus, de los cuales 30 corresponden a la comuna de La Serena, 35 a Coquimbo, 6 a Illapel, 2 a Canela, 9 a Los Vilos, 6 a Salamanca, 19 a Ovalle, 6 a Monte Patria, 2 a Punitaqui, 2 a R\u00edo Hurtado, 2 a otras regiones y 2 sin notificaci\u00f3n en el sistema Epivigila. \u201cCon esto se llega a un total de 16.345 casos acumulados, de los cuales 635 se mantienen con contagio activo\u201d, detall\u00f3 el Seremi Garc\u00eda.<\/p>\n<p>El Director (S) del Servicio de Salud Coquimbo, Edgardo Gonz\u00e1lez, se refiri\u00f3 al n\u00famero de camas disponibles actualmente en la regi\u00f3n. \u201cHoy contamos con 253 unidades, de una dotaci\u00f3n total de 1.177 camas, lo que representa un 78% de ocupaci\u00f3n general. Y en cuanto a las camas de las Unidades de Pacientes Cr\u00edticos, al d\u00eda de hoy contamos con 24, de las cuales 7 corresponden a la Unidad de Cuidados Intensivos (UCI) y 17 a la Unidad de Tratamiento Intermedio (UTI)\u201d, se\u00f1al\u00f3.<\/p>\n<p>Adem\u00e1s, la autoridad entreg\u00f3 el reporte de pacientes hospitalizados en la regi\u00f3n. \u201cAl d\u00eda de hoy hay 876 personas internadas en la Red Asistencial, de las cuales 77 est\u00e1n internadas producto del virus y 29 se encuentran con requerimiento de ventilaci\u00f3n mec\u00e1nica: 15 en el Hospital de Coquimbo, 7 en el Hospital de La Serena, 6 en el Hospital de Ovalle y 1 en la Cl\u00ednica Red Salud Elqui\u201d, mencion\u00f3.<\/p>\n<p>Finalmente, el Director (S) del Servicio de Salud entreg\u00f3 el reporte del personal afectado por el virus, informando que 24 funcionarios del Servicio de Salud y de los hospitales han dado positivo, y 55 se encuentran en cuarentena. Mientras que, en la Atenci\u00f3n Primaria de Salud, 17 funcionarios han dado positivo al virus, y 40 se mantienen en cuarentena.<\/p>\n<p>&nbsp;<\/p>\n<p><strong>BALANCE REGI\u00d3N DE COQUIMBO<\/strong><\/p>\n<p><strong>Martes 26 de Enero 2021<\/strong><\/p>\n<p>121 casos nuevos<\/p>\n<p>16.345 casos acumulados<\/p>\n<p>635 casos activos<\/p>\n<p>329 fallecidos<\/p>\n<p>77 pacientes hospitalizados y 29 en ventilaci\u00f3n mec\u00e1nica<\/p>\n<p>Residencias Sanitarias: 79% de ocupaci\u00f3n<\/p>\n<p>Detalle Casos Nuevos:<\/p>\n<ul>\n<li>30 de La Serena<\/li>\n<li>35 de Coquimbo<\/li>\n<li>06 de Illapel<\/li>\n<li>02 de Canela<\/li>\n<li>09 de Los Vilos<\/li>\n<li>19 de Ovalle<\/li>\n<li>06 de Salamanca<\/li>\n<li>06 de Monte Patria<\/li>\n<li>02 de Punitaqui<\/li>\n<li>02 de R\u00edo Hurtado<\/li>\n<li>02 de otras regiones<\/li>\n<li>02 sin notificaci\u00f3n en el sistema Epivigila<\/li>\n<\/ul>\n","protected":false},"excerpt":{"rendered":"<p>En el reporte de hoy martes 26 de Enero, se informaron 121 casos nuevos de la enfermedad<\/p>\n","protected":false},"author":2,"featured_media":4369,"comment_status":"open","ping_status":"open","sticky":false,"template":"","format":"standard","meta":{"footnotes":""},"categories":[3],"tags":[],"class_list":["post-4368","post","type-post","status-publish","format-standard","has-post-thumbnail","hentry","category-actualidad"],"_links":{"self":[{"href":"https:\/\/www.radiolimari.cl\/index.php?rest_route=\/wp\/v2\/posts\/4368","targetHints":{"allow":["GET"]}}],"collection":[{"href":"https:\/\/www.radiolimari.cl\/index.php?rest_route=\/wp\/v2\/posts"}],"about":[{"href":"https:\/\/www.radiolimari.cl\/index.php?rest_route=\/wp\/v2\/types\/post"}],"author":[{"embeddable":true,"href":"https:\/\/www.radiolimari.cl\/index.php?rest_route=\/wp\/v2\/users\/2"}],"replies":[{"embeddable":true,"href":"https:\/\/www.radiolimari.cl\/index.php?rest_route=%2Fwp%2Fv2%2Fcomments&post=4368"}],"version-history":[{"count":1,"href":"https:\/\/www.radiolimari.cl\/index.php?rest_route=\/wp\/v2\/posts\/4368\/revisions"}],"predecessor-version":[{"id":4370,"href":"https:\/\/www.radiolimari.cl\/index.php?rest_route=\/wp\/v2\/posts\/4368\/revisions\/4370"}],"wp:featuredmedia":[{"embeddable":true,"href":"https:\/\/www.radiolimari.cl\/index.php?rest_route=\/wp\/v2\/media\/4369"}],"wp:attachment":[{"href":"https:\/\/www.radiolimari.cl\/index.php?rest_route=%2Fwp%2Fv2%2Fmedia&parent=4368"}],"wp:term":[{"taxonomy":"category","embeddable":true,"href":"https:\/\/www.radiolimari.cl\/index.php?rest_route=%2Fwp%2Fv2%2Fcategories&post=4368"},{"taxonomy":"post_tag","embeddable":true,"href":"https:\/\/www.radiolimari.cl\/index.php?rest_route=%2Fwp%2Fv2%2Ftags&post=4368"}],"curies":[{"name":"wp","href":"https:\/\/api.w.org\/{rel}","templated":true}]}}