{"id":4359,"date":"2021-01-25T16:54:32","date_gmt":"2021-01-25T16:54:32","guid":{"rendered":"http:\/\/www.radiolimari.cl\/?p=4359"},"modified":"2021-01-25T16:54:32","modified_gmt":"2021-01-25T16:54:32","slug":"junaeb-amplia-plazo-de-renovacion-y-postulacion-online-de-becas","status":"publish","type":"post","link":"https:\/\/www.radiolimari.cl\/?p=4359","title":{"rendered":"Junaeb ampl\u00eda plazo de renovaci\u00f3n y postulaci\u00f3n online de becas"},"content":{"rendered":"<p><a href=\"https:\/\/www.radiolimari.cl\/wp-content\/uploads\/2021\/01\/25.1-junaeb.png\"><img decoding=\"async\" class=\"alignnone size-medium wp-image-4360\" src=\"https:\/\/www.radiolimari.cl\/wp-content\/uploads\/2021\/01\/25.1-junaeb-300x166.png\" alt=\"25.1 junaeb\" width=\"300\" height=\"166\" srcset=\"https:\/\/www.radiolimari.cl\/wp-content\/uploads\/2021\/01\/25.1-junaeb-300x166.png 300w, https:\/\/www.radiolimari.cl\/wp-content\/uploads\/2021\/01\/25.1-junaeb-1024x568.png 1024w, https:\/\/www.radiolimari.cl\/wp-content\/uploads\/2021\/01\/25.1-junaeb.png 1080w\" sizes=\"(max-width: 300px) 100vw, 300px\" \/><\/a><\/p>\n<p class=\"paragraph\" style=\"margin: 0cm 0cm 0.0001pt; vertical-align: baseline; text-align: left;\" align=\"center\"><span class=\"normaltextrun\"><i><span style=\"font-family: 'Calibri',sans-serif;\">Hasta el <\/span><\/i><\/span><i><span style=\"font-size: 11.0pt; font-family: 'Calibri',sans-serif; color: #222222; background: white;\">5 de febrero estar\u00e1 abierto el proceso de postulaci\u00f3n y renovaci\u00f3n de Becas Presidente de la Rep\u00fablica, Ind\u00edgena, Residencia Ind\u00edgena, Integraci\u00f3n Territorial, Patagonia Ays\u00e9n, Magallanes, Ays\u00e9n, Apoyo a la Retenci\u00f3n Escolar y Polimetales de Arica<b>.\u00a0<\/b>Esta medida excluye a los programas de residencia, los que mantienen su calendario original de dicho tr\u00e1mite hasta el 25 de enero. <\/span><\/i><i><\/i><!--more--><\/p>\n<p>Con el fin de seguir apoyando a los estudiantes -desde educaci\u00f3n b\u00e1sica a educaci\u00f3n superior- para que completen sus estudios, Junta Nacional de Auxilio Escolar y Becas (Junaeb) decidi\u00f3 extender el plazo para renovar y\/o postular a las diferentes becas que entrega el Gobierno.<\/p>\n<p>El\u00a0plazo para el\u00a0tr\u00e1mite <strong>fue extendido hasta el 5 de febrero<\/strong>\u00a0y\u00a0se seguir\u00e1 realizando de manera online, con apoyo de la red colaboradora, las direcciones regionales y las plataformas de atenci\u00f3n virtual con agentes capacitados en el proceso. \u00a0Esta medida se suma la suspensi\u00f3n por este a\u00f1o del requisito de que los j\u00f3venes est\u00e9n matriculados\u00a0para 2021\u00a0o que tengan las\u00a0notas\u00a0finales del a\u00f1o anterior\u00a0al momento de\u00a0completar\u00a0sus antecedentes. Estos \u00faltimos ser\u00e1n incorporados posteriormente por Junaeb como parte del proceso de validaci\u00f3n interno.<\/p>\n<p>\u201cDesde el inicio de esta pandemia y en tiempos que han sido complejos para todos, nos hemos enfocado en continuar apoyando a nuestros estudiantes entreg\u00e1ndoles una serie de beneficios y realizando todos los esfuerzos tecnol\u00f3gicos, log\u00edsticos y administrativos para que se mantengan adecuadamente en el sistema escolar y se disminuyan al m\u00e1ximo las brechas de desigualdad. Por ello, dentro de este contexto decidimos ampliar el plazo para postulaci\u00f3n y renovaci\u00f3n de becas e incorporamos un sistema 100% online y de atenci\u00f3n por videollamada para evitar aglomeraciones y riesgos de contagio de Covid-19\u201d, sostuvo el\u00a0Director\u00a0Nacional de la Junta Nacional de Auxilio Escolar y Becas (Junaeb), Jaime Toh\u00e1.<\/p>\n<p>A\u00fan existe un importante n\u00famero de estudiantes que no han realizado el proceso, agreg\u00f3 el Director Nacional, \u201cy no queremos que por ning\u00fan motivo se queden sin este importante soporte que entrega el gobierno, por lo que la invitaci\u00f3n es realizar el tr\u00e1mite durante los d\u00edas que quedan\u201d, afirm\u00f3.<\/p>\n<p>&nbsp;<\/p>\n<p><strong>Sistema virtual<\/strong><\/p>\n<p>El sistema virtual de agendamiento personalizado, instaurado recientemente, opera a trav\u00e9s de una videollamada programada por el estudiante a trav\u00e9s de\u00a0<a href=\"http:\/\/www.junaeb.cl\/\">www.junaeb.cl<\/a>. En dicha cita, un ejecutivo responder\u00e1 dudas sobre c\u00f3mo usar el portal\u00a0<a href=\"http:\/\/www.renuevatubeca.cl\/\">renuevatubeca.cl<\/a>\u00a0y entregar\u00e1 informaci\u00f3n sobre fechas, documentos y todo lo necesario para completar de forma exitosa la postulaci\u00f3n o renovaci\u00f3n a becas Presidente de la Rep\u00fablica, Ind\u00edgena, Residencia Ind\u00edgena, Integraci\u00f3n Territorial, Patagonia Ays\u00e9n, Magallanes, Ays\u00e9n, Apoyo a la Retenci\u00f3n Escolar y Polimetales de Arica.<\/p>\n<p>Para agendar hora con un agente se puede ingresar directamente por este link\u00a0<a href=\"https:\/\/outlook.office365.com\/owa\/calendar\/OrientacinparaPostulacinyoRenovacinBECASJUNAEB@Junaeb.onmicrosoft.com\/bookings\/\">https:\/\/outlook.office365.com\/owa\/calendar\/OrientacinparaPostulacinyoRenovacinBECASJUNAEB@Junaeb.onmicrosoft.com\/bookings\/<\/a>\u00a0o\u00a0a\u00a0trav\u00e9s de\u00a0<a href=\"http:\/\/www.junaeb.cl\/\">www.junaeb.cl<\/a><\/p>\n<p><strong>Requisitos<\/strong><\/p>\n<p>Se debe tener en consideraci\u00f3n que las becas de Junaeb cuentan con cupos limitados y para su obtenci\u00f3n deben cumplir con ciertos requisitos.<\/p>\n<p>El proceso de selecci\u00f3n de estudiantes se realizar\u00e1 a trav\u00e9s de un an\u00e1lisis de condiciones desfavorables que presenten respecto al registro social de hogares y notas para cada beca.<\/p>\n<p>Por lo tanto, el hecho de postular y cumplir con las\u00a0exigencias\u00a0no garantiza la selecci\u00f3n autom\u00e1tica para el beneficio.<\/p>\n<p>Para realizar la postulaci\u00f3n a las becas de Junaeb, el estudiante debe ingresar a trav\u00e9s del portal de becas en <a href=\"http:\/\/www.renuevatubeca.cl\">www.renuevatubeca.cl<\/a><\/p>\n<p>Por lo anterior, es\u00a0importante que los\u00a0estudiantes cuenten con un correo electr\u00f3nico actualizado y de uso personal para recibir la informaci\u00f3n y est\u00e9n atentos para enterarse del avance\u00a0de la postulaci\u00f3n o\u00a0la asignaci\u00f3n del beneficio. En este correo electr\u00f3nico tambi\u00e9n recibir\u00e1n\u00a0el\u00a0comprobante de postulaci\u00f3n o renovaci\u00f3n para conocer si deben\u00a0presentar documentos complementarios para concluir su solicitud.<\/p>\n<p><strong>\u00a0<\/strong><\/p>\n<p class=\"paragraph\" style=\"margin: 0cm; margin-bottom: .0001pt; text-align: center; vertical-align: baseline;\" align=\"center\">\n","protected":false},"excerpt":{"rendered":"<p>Hasta el 5 de febrero estar\u00e1 abierto el proceso de postulaci\u00f3n y renovaci\u00f3n de Becas Presidente de la Rep\u00fablica, Ind\u00edgena, Residencia Ind\u00edgena, Integraci\u00f3n Territorial, Patagonia Ays\u00e9n, Magallanes, Ays\u00e9n, Apoyo a la Retenci\u00f3n Escolar y Polimetales de Arica.\u00a0Esta medida excluye a los programas de residencia, los que mantienen su calendario original de dicho tr\u00e1mite hasta el &#8230;<\/p>\n","protected":false},"author":2,"featured_media":4360,"comment_status":"open","ping_status":"open","sticky":false,"template":"","format":"standard","meta":{"footnotes":""},"categories":[3],"tags":[],"class_list":["post-4359","post","type-post","status-publish","format-standard","has-post-thumbnail","hentry","category-actualidad"],"_links":{"self":[{"href":"https:\/\/www.radiolimari.cl\/index.php?rest_route=\/wp\/v2\/posts\/4359","targetHints":{"allow":["GET"]}}],"collection":[{"href":"https:\/\/www.radiolimari.cl\/index.php?rest_route=\/wp\/v2\/posts"}],"about":[{"href":"https:\/\/www.radiolimari.cl\/index.php?rest_route=\/wp\/v2\/types\/post"}],"author":[{"embeddable":true,"href":"https:\/\/www.radiolimari.cl\/index.php?rest_route=\/wp\/v2\/users\/2"}],"replies":[{"embeddable":true,"href":"https:\/\/www.radiolimari.cl\/index.php?rest_route=%2Fwp%2Fv2%2Fcomments&post=4359"}],"version-history":[{"count":1,"href":"https:\/\/www.radiolimari.cl\/index.php?rest_route=\/wp\/v2\/posts\/4359\/revisions"}],"predecessor-version":[{"id":4361,"href":"https:\/\/www.radiolimari.cl\/index.php?rest_route=\/wp\/v2\/posts\/4359\/revisions\/4361"}],"wp:featuredmedia":[{"embeddable":true,"href":"https:\/\/www.radiolimari.cl\/index.php?rest_route=\/wp\/v2\/media\/4360"}],"wp:attachment":[{"href":"https:\/\/www.radiolimari.cl\/index.php?rest_route=%2Fwp%2Fv2%2Fmedia&parent=4359"}],"wp:term":[{"taxonomy":"category","embeddable":true,"href":"https:\/\/www.radiolimari.cl\/index.php?rest_route=%2Fwp%2Fv2%2Fcategories&post=4359"},{"taxonomy":"post_tag","embeddable":true,"href":"https:\/\/www.radiolimari.cl\/index.php?rest_route=%2Fwp%2Fv2%2Ftags&post=4359"}],"curies":[{"name":"wp","href":"https:\/\/api.w.org\/{rel}","templated":true}]}}