{"id":4338,"date":"2021-01-21T15:06:49","date_gmt":"2021-01-21T15:06:49","guid":{"rendered":"http:\/\/www.radiolimari.cl\/?p=4338"},"modified":"2021-01-21T15:06:49","modified_gmt":"2021-01-21T15:06:49","slug":"pdi-y-ministerio-de-la-mujer-refuerzan-trabajo-en-apoyo-a-victimas-de-violencia-de-genero","status":"publish","type":"post","link":"https:\/\/www.radiolimari.cl\/?p=4338","title":{"rendered":"PDI Y MINISTERIO DE LA MUJER REFUERZAN TRABAJO EN APOYO A V\u00cdCTIMAS DE VIOLENCIA DE G\u00c9NERO"},"content":{"rendered":"<p><a href=\"https:\/\/www.radiolimari.cl\/wp-content\/uploads\/2021\/01\/21.1-sernemg-pdi.jpg\"><img fetchpriority=\"high\" decoding=\"async\" class=\"alignnone size-medium wp-image-4339\" src=\"https:\/\/www.radiolimari.cl\/wp-content\/uploads\/2021\/01\/21.1-sernemg-pdi-300x200.jpg\" alt=\"21.1 sernemg pdi\" width=\"300\" height=\"200\" srcset=\"https:\/\/www.radiolimari.cl\/wp-content\/uploads\/2021\/01\/21.1-sernemg-pdi-300x200.jpg 300w, https:\/\/www.radiolimari.cl\/wp-content\/uploads\/2021\/01\/21.1-sernemg-pdi-1024x682.jpg 1024w\" sizes=\"(max-width: 300px) 100vw, 300px\" \/><\/a><\/p>\n<p>El jefe de la Regi\u00f3n Policial de Coquimbo de la PDI, Prefecto Ricardo Gatica, sostuvo una reuni\u00f3n de coordinaci\u00f3n junto a la seremi de la Mujer, Iv\u00f3n Guerra, y la directora regional de Sernameg, Mar\u00eda Soledad Rojas.<!--more--><\/p>\n<p>El encuentro se desarroll\u00f3 en dependencias de la Regi\u00f3n Policial De Coquimbo de la PDI para fortalecer la coordinaci\u00f3n y planificar la labor que se realizar\u00e1 durante el a\u00f1o, con el fin de apoyar oportunamente a las mujeres que puedan ser v\u00edctimas de violencia.<\/p>\n<p><strong><em>\u201cEstablecimos compromisos y tareas para estar muy cerca de las mujeres cuando requieren apoyo ante una denuncia, porque queremos que esa primera acogida sea la mejor. Estos son cambios culturales que tenemos que realizar, estamos todos convocados y necesitamos trabajar unidos para saber cu\u00e1l es el camino que debe recorrer una mujer cuando llega a realizar una denuncia, porque no es f\u00e1cil hacerlo y no es porque ayer fue agredida\u201d<\/em><\/strong>, se\u00f1al\u00f3 la seremi de la Mujer Iv\u00f3n Guerra aludiendo a las circunstancias que rodean a una v\u00edctima de violencia de g\u00e9nero.<\/p>\n<p>El jefe de la Regi\u00f3n Policial de Coquimbo, dio a conocer en la reuni\u00f3n el modelo de trabajo que implementa la PDI <strong><em>\u201ccomo una pr\u00e1ctica significativa para detectar la violencia de g\u00e9nero y abordar esta problem\u00e1tica de manera eficaz, sobre todo dentro del grupo familiar, una labor que se fortalecer\u00e1, porque este es un tema muy importante, no s\u00f3lo para la polic\u00eda, sino para la sociedad\u201d<\/em><\/strong>, se\u00f1al\u00f3 el Prefecto Ricardo Gatica.<\/p>\n<p>El trabajo en conjunto se traducir\u00e1 <strong><em>\u201cen la firma de un acuerdo formal con los compromisos y desaf\u00edos para la atenci\u00f3n de las mujeres que sufren violencia, la preparaci\u00f3n como agentes preventivos en violencia a los encargados de g\u00e9nero que tiene la PDI\u201d<\/em><\/strong>, se\u00f1al\u00f3 la directora de Sernameg, Mar\u00eda Soledad Rojas.<\/p>\n<p>Dentro de los alcances de los acuerdos, se desarrollar\u00e1 una planificaci\u00f3n especial para implementar jornadas de capacitaci\u00f3n a los encargados de g\u00e9nero de las distintas brigadas y poder mejorar y optimizar la atenci\u00f3n y derivaci\u00f3n de las v\u00edctimas de violencia de g\u00e9nero, y el rol de la PDI en esta problem\u00e1tica.<\/p>\n<p>Desde la PDI, informan que a trav\u00e9s de sus diversas plataformas se difunden las v\u00edas de comunicaci\u00f3n para realizar las denuncias oportunamente para atender a la poblaci\u00f3n que lo necesite, en cualquier unidad policial, o a trav\u00e9s del fono 134. Mientras que Sernameg dispuso el 1455 como el fono de orientaci\u00f3n en violencia.<\/p>\n","protected":false},"excerpt":{"rendered":"<p>El jefe de la Regi\u00f3n Policial de Coquimbo de la PDI, Prefecto Ricardo Gatica, sostuvo una reuni\u00f3n de coordinaci\u00f3n junto a la seremi de la Mujer, Iv\u00f3n Guerra, y la directora regional de Sernameg, Mar\u00eda Soledad Rojas.<\/p>\n","protected":false},"author":2,"featured_media":4339,"comment_status":"open","ping_status":"open","sticky":false,"template":"","format":"standard","meta":{"footnotes":""},"categories":[6],"tags":[],"class_list":["post-4338","post","type-post","status-publish","format-standard","has-post-thumbnail","hentry","category-regionales"],"_links":{"self":[{"href":"https:\/\/www.radiolimari.cl\/index.php?rest_route=\/wp\/v2\/posts\/4338","targetHints":{"allow":["GET"]}}],"collection":[{"href":"https:\/\/www.radiolimari.cl\/index.php?rest_route=\/wp\/v2\/posts"}],"about":[{"href":"https:\/\/www.radiolimari.cl\/index.php?rest_route=\/wp\/v2\/types\/post"}],"author":[{"embeddable":true,"href":"https:\/\/www.radiolimari.cl\/index.php?rest_route=\/wp\/v2\/users\/2"}],"replies":[{"embeddable":true,"href":"https:\/\/www.radiolimari.cl\/index.php?rest_route=%2Fwp%2Fv2%2Fcomments&post=4338"}],"version-history":[{"count":1,"href":"https:\/\/www.radiolimari.cl\/index.php?rest_route=\/wp\/v2\/posts\/4338\/revisions"}],"predecessor-version":[{"id":4340,"href":"https:\/\/www.radiolimari.cl\/index.php?rest_route=\/wp\/v2\/posts\/4338\/revisions\/4340"}],"wp:featuredmedia":[{"embeddable":true,"href":"https:\/\/www.radiolimari.cl\/index.php?rest_route=\/wp\/v2\/media\/4339"}],"wp:attachment":[{"href":"https:\/\/www.radiolimari.cl\/index.php?rest_route=%2Fwp%2Fv2%2Fmedia&parent=4338"}],"wp:term":[{"taxonomy":"category","embeddable":true,"href":"https:\/\/www.radiolimari.cl\/index.php?rest_route=%2Fwp%2Fv2%2Fcategories&post=4338"},{"taxonomy":"post_tag","embeddable":true,"href":"https:\/\/www.radiolimari.cl\/index.php?rest_route=%2Fwp%2Fv2%2Ftags&post=4338"}],"curies":[{"name":"wp","href":"https:\/\/api.w.org\/{rel}","templated":true}]}}