{"id":4320,"date":"2021-01-13T16:24:41","date_gmt":"2021-01-13T16:24:41","guid":{"rendered":"http:\/\/www.radiolimari.cl\/?p=4320"},"modified":"2021-01-13T16:24:41","modified_gmt":"2021-01-13T16:24:41","slug":"direccion-del-trabajo-region-de-coquimbo-insta-a-proteger-a-trabajadores-expuestos-a-radiacion-uv","status":"publish","type":"post","link":"https:\/\/www.radiolimari.cl\/?p=4320","title":{"rendered":"Direcci\u00f3n del Trabajo Regi\u00f3n de Coquimbo, insta a proteger a trabajadores  expuestos a radiaci\u00f3n UV"},"content":{"rendered":"<p><a href=\"https:\/\/www.radiolimari.cl\/wp-content\/uploads\/2021\/01\/13.1-radiacion-solar-trabajo.jpg\"><img fetchpriority=\"high\" decoding=\"async\" class=\"alignnone size-medium wp-image-4321\" src=\"https:\/\/www.radiolimari.cl\/wp-content\/uploads\/2021\/01\/13.1-radiacion-solar-trabajo-300x168.jpg\" alt=\"13.1 radiacion solar trabajo\" width=\"300\" height=\"168\" srcset=\"https:\/\/www.radiolimari.cl\/wp-content\/uploads\/2021\/01\/13.1-radiacion-solar-trabajo-300x168.jpg 300w, https:\/\/www.radiolimari.cl\/wp-content\/uploads\/2021\/01\/13.1-radiacion-solar-trabajo.jpg 960w\" sizes=\"(max-width: 300px) 100vw, 300px\" \/><\/a><\/p>\n<ul>\n<li><strong><em>La acci\u00f3n apunta a los empleadores para informar a sus trabajadores y tomar las medidas necesarias para la protecci\u00f3n de rayos UV. \u00a0Adem\u00e1s, se insiste en el llamado a intensificar medidas para prevenir contagios de Covid19 en un contexto laboral.<\/em><\/strong><\/li>\n<\/ul>\n<p><!--more--><\/p>\n<p>Una campa\u00f1a de prevenci\u00f3n inici\u00f3 la Direcci\u00f3n del Trabajo para la protecci\u00f3n de los trabajadores contra la radiaci\u00f3n ultra violeta (UV), especialmente aquellos que cumplen labores a la intemperie.<\/p>\n<p>El Seremi del Trabajo, Mat\u00edas Villalobos, junto al Director del Trabajo, Rodrigo Fern\u00e1ndez, se reuni\u00f3 con trabajadores del sector costero, como tambi\u00e9n en el sector agr\u00edcola con trabajadores de temporada. En la oportunidad la autoridad laboral inst\u00f3 tanto a trabajadores como a empleadores a cumplir con las medidas de prevenci\u00f3n para evitar la exposici\u00f3n a los rayos UV e insistieron en continuar con los protocolos para evitar contagios de Covid19 en un contexto laboral.<\/p>\n<p>Al respecto Mat\u00edas Villalobos coment\u00f3 que \u201cestamos con la Direcci\u00f3n del Trabajo desplegados en distintos territorios conversando con los trabajadores y empleadores que est\u00e1n pueden estar expuestos a los rayos UV justamente haciendo un llamado a aquellos trabajadores que presten servicios a la intemperie puedan contar con todos los elementos necesarios para prevenir enfermedades que puede provocar la exposici\u00f3n a los rayos solares e insistimos en el llamado a los empleadores a que cumplan con la normativa laboral y que protejan eficazmente la salud y seguridad de sus trabajadores\u201d.<\/p>\n<p>Mientras que el director del Trabajo, Rodrigo Fernandez, explic\u00f3 que \u201ctodos los empleadores tienen siempre la responsabilidad de resguardar la salud y seguridad de los trabajadores tomando todas las medidas que sean necesarias. Dentro de estas medidas est\u00e1 la protecci\u00f3n de los rayos UV, para eso la legislaci\u00f3n exige gorros legionarios, bloqueador solar y eventualmente en algunas circunstancias se exigen anteojos\u201d.<\/p>\n<p>En general, se considera que el horario con las radiaciones m\u00e1s nocivas en la temporada de verano es entre las 11 y las 15 horas, mientras que en invierno lo es entre las 12 y 16 horas afectando a aquellos trabajadores que cumplen labores a la intemperie, en sectores como la agricultura, construcci\u00f3n, mantenci\u00f3n de jardines y aseo, en labores de carteros, recolectores de residuos domiciliarios, cobradores de parqu\u00edmetros, entre otros.<\/p>\n<p>La normativa laboral establece que si los trabajadores prestan servicio al aire libre deben ser protegidos adecuadamente usando protector solar, sombrero de visera ancha tipo legionario, que proteja hasta el cuello, anteojos de seguridad con filtro foto-protector, exceptuando a los trabajadores que usan protector facial. Mientras que el vestuario debe estar confeccionado con tejido de trama apretada (que no se vea a trav\u00e9s de \u00e9l), cubriendo brazos y piernas.<\/p>\n<p>\u201cLas multas al incumplimiento de la norma pueden llegar hasta las 60 UTM dependiendo del tama\u00f1o de la empresa y la cantidad de trabajadores que se desempe\u00f1en. Nosotros recomendamos tambi\u00e9n que los empleadores tengan el m\u00e1ximo cuidado para que los trabajadores est\u00e9n constantemente utilizando todos estos elementos de seguridad y prevenci\u00f3n porque las responsabilidades se pueden extender incluso a responsabilidades civiles de indemnizaci\u00f3n de perjuicios, si es que hay da\u00f1os severos a la salud de los trabajadores\u201d, agreg\u00f3 Rodrigo Fernandez.<\/p>\n<p><strong>COVID19<\/strong><\/p>\n<p>Las autoridades laborales insistieron en intensificar las medidas de prevenci\u00f3n de coronavirus, enfatizando en el cumplimiento de las recomendaciones de salud y cumplimiento de la normativa especificada en el Formulario \u00danico que da la posibilidad de que los empleadores puedan tener acceso a los requerimientos b\u00e1sicos que se solicitan de manera que puedan cumplir con lo establecido<\/p>\n<p>\u201cHemos estado revisando que se siga cumpliendo con todo el protocolo de higiene y seguridad para prevenir y minimizar los riesgos de contagios de Coronavirus, seguimos viviendo en pandemia por lo tanto debemos seguir fiscalizando y viendo en terreno para evitar brotes de coronavirus en un contexto de trabajo\u201d, concluy\u00f3 el Seremi Mat\u00edas Villalobos.<\/p>\n<p>&nbsp;<\/p>\n","protected":false},"excerpt":{"rendered":"<p>La acci\u00f3n apunta a los empleadores para informar a sus trabajadores y tomar las medidas necesarias para la protecci\u00f3n de rayos UV. \u00a0Adem\u00e1s, se insiste en el llamado a intensificar medidas para prevenir contagios de Covid19 en un contexto laboral.<\/p>\n","protected":false},"author":2,"featured_media":4321,"comment_status":"open","ping_status":"open","sticky":false,"template":"","format":"standard","meta":{"footnotes":""},"categories":[3],"tags":[],"class_list":["post-4320","post","type-post","status-publish","format-standard","has-post-thumbnail","hentry","category-actualidad"],"_links":{"self":[{"href":"https:\/\/www.radiolimari.cl\/index.php?rest_route=\/wp\/v2\/posts\/4320","targetHints":{"allow":["GET"]}}],"collection":[{"href":"https:\/\/www.radiolimari.cl\/index.php?rest_route=\/wp\/v2\/posts"}],"about":[{"href":"https:\/\/www.radiolimari.cl\/index.php?rest_route=\/wp\/v2\/types\/post"}],"author":[{"embeddable":true,"href":"https:\/\/www.radiolimari.cl\/index.php?rest_route=\/wp\/v2\/users\/2"}],"replies":[{"embeddable":true,"href":"https:\/\/www.radiolimari.cl\/index.php?rest_route=%2Fwp%2Fv2%2Fcomments&post=4320"}],"version-history":[{"count":1,"href":"https:\/\/www.radiolimari.cl\/index.php?rest_route=\/wp\/v2\/posts\/4320\/revisions"}],"predecessor-version":[{"id":4322,"href":"https:\/\/www.radiolimari.cl\/index.php?rest_route=\/wp\/v2\/posts\/4320\/revisions\/4322"}],"wp:featuredmedia":[{"embeddable":true,"href":"https:\/\/www.radiolimari.cl\/index.php?rest_route=\/wp\/v2\/media\/4321"}],"wp:attachment":[{"href":"https:\/\/www.radiolimari.cl\/index.php?rest_route=%2Fwp%2Fv2%2Fmedia&parent=4320"}],"wp:term":[{"taxonomy":"category","embeddable":true,"href":"https:\/\/www.radiolimari.cl\/index.php?rest_route=%2Fwp%2Fv2%2Fcategories&post=4320"},{"taxonomy":"post_tag","embeddable":true,"href":"https:\/\/www.radiolimari.cl\/index.php?rest_route=%2Fwp%2Fv2%2Ftags&post=4320"}],"curies":[{"name":"wp","href":"https:\/\/api.w.org\/{rel}","templated":true}]}}