{"id":4317,"date":"2021-01-13T14:51:31","date_gmt":"2021-01-13T14:51:31","guid":{"rendered":"http:\/\/www.radiolimari.cl\/?p=4317"},"modified":"2021-01-13T14:51:31","modified_gmt":"2021-01-13T14:51:31","slug":"juan-carlos-fritis-es-el-nuevo-seremi-de-deportes-de-la-region-de-coquimbo","status":"publish","type":"post","link":"https:\/\/www.radiolimari.cl\/?p=4317","title":{"rendered":"Juan Carlos Fritis es el nuevo Seremi de Deportes de la regi\u00f3n de Coquimbo"},"content":{"rendered":"<p><a href=\"https:\/\/www.radiolimari.cl\/wp-content\/uploads\/2021\/01\/seremi-del-deporte-juan-carlos-Fritis.jpg\"><img decoding=\"async\" class=\"alignnone size-medium wp-image-4318\" src=\"https:\/\/www.radiolimari.cl\/wp-content\/uploads\/2021\/01\/seremi-del-deporte-juan-carlos-Fritis-300x145.jpg\" alt=\"seremi del deporte juan carlos Fritis\" width=\"300\" height=\"145\" srcset=\"https:\/\/www.radiolimari.cl\/wp-content\/uploads\/2021\/01\/seremi-del-deporte-juan-carlos-Fritis-300x145.jpg 300w, https:\/\/www.radiolimari.cl\/wp-content\/uploads\/2021\/01\/seremi-del-deporte-juan-carlos-Fritis.jpg 1024w\" sizes=\"(max-width: 300px) 100vw, 300px\" \/><\/a><\/p>\n<p>Poniendo \u00e9nfasis en el trabajo conjunto con todas las agrupaciones sociales y el desarrollo de infraestructura, este mi\u00e9rcoles asumi\u00f3 como Secretario Regional de Deportes, Juan Carlos Fritis.<!--more--><\/p>\n<p>El nuevo Seremi fue presentado oficialmente por el Intendente Pablo Herman, quien destac\u00f3\u00a0 que <strong>\u00abJuan Carlos Fritis ha demostrado una tremenda capacidad de trabajo desde su antiguo cargo. Tenemos grandes desaf\u00edos que abordar en materia de deportes, un tema fundamental para nosotros como Gobierno que promovemos el desarrollo de cada una de las actividades, tanto para una vida saludable como para mostrar el nivel de nuestros deportistas en diferentes competiciones\u00bb<\/strong>.<\/p>\n<p>Y es que Juan Carlos Fritis es Ingeniero, con mag\u00edster en Administraci\u00f3n y antes de asumir en la cartera regional de deportes, se desempe\u00f1\u00f3 como Director Zonal de Pesca y Acuicultura para las regiones de Atacama y Coquimbo.<\/p>\n<p>Tras su presentaci\u00f3n, el Seremi Fritis, sostuvo que <strong>\u00abestoy agradecido por la confianza del Presidente Pi\u00f1era y del Intendente Herman. Tenemos que conversar con todos los representes del mundo del deporte y tenemos que levantar estas actividades. Si queremos poner en valor a nuestros deportistas, vamos a potenciar la infraestructura deportiva regional junto al IND, como por ejemplo el Cendyr de La Serena\u00bb<\/strong>.<\/p>\n","protected":false},"excerpt":{"rendered":"<p>Poniendo \u00e9nfasis en el trabajo conjunto con todas las agrupaciones sociales y el desarrollo de infraestructura, este mi\u00e9rcoles asumi\u00f3 como Secretario Regional de Deportes, Juan Carlos Fritis.<\/p>\n","protected":false},"author":2,"featured_media":4318,"comment_status":"open","ping_status":"open","sticky":false,"template":"","format":"standard","meta":{"footnotes":""},"categories":[6],"tags":[],"class_list":["post-4317","post","type-post","status-publish","format-standard","has-post-thumbnail","hentry","category-regionales"],"_links":{"self":[{"href":"https:\/\/www.radiolimari.cl\/index.php?rest_route=\/wp\/v2\/posts\/4317","targetHints":{"allow":["GET"]}}],"collection":[{"href":"https:\/\/www.radiolimari.cl\/index.php?rest_route=\/wp\/v2\/posts"}],"about":[{"href":"https:\/\/www.radiolimari.cl\/index.php?rest_route=\/wp\/v2\/types\/post"}],"author":[{"embeddable":true,"href":"https:\/\/www.radiolimari.cl\/index.php?rest_route=\/wp\/v2\/users\/2"}],"replies":[{"embeddable":true,"href":"https:\/\/www.radiolimari.cl\/index.php?rest_route=%2Fwp%2Fv2%2Fcomments&post=4317"}],"version-history":[{"count":1,"href":"https:\/\/www.radiolimari.cl\/index.php?rest_route=\/wp\/v2\/posts\/4317\/revisions"}],"predecessor-version":[{"id":4319,"href":"https:\/\/www.radiolimari.cl\/index.php?rest_route=\/wp\/v2\/posts\/4317\/revisions\/4319"}],"wp:featuredmedia":[{"embeddable":true,"href":"https:\/\/www.radiolimari.cl\/index.php?rest_route=\/wp\/v2\/media\/4318"}],"wp:attachment":[{"href":"https:\/\/www.radiolimari.cl\/index.php?rest_route=%2Fwp%2Fv2%2Fmedia&parent=4317"}],"wp:term":[{"taxonomy":"category","embeddable":true,"href":"https:\/\/www.radiolimari.cl\/index.php?rest_route=%2Fwp%2Fv2%2Fcategories&post=4317"},{"taxonomy":"post_tag","embeddable":true,"href":"https:\/\/www.radiolimari.cl\/index.php?rest_route=%2Fwp%2Fv2%2Ftags&post=4317"}],"curies":[{"name":"wp","href":"https:\/\/api.w.org\/{rel}","templated":true}]}}