{"id":4301,"date":"2021-01-11T19:10:49","date_gmt":"2021-01-11T19:10:49","guid":{"rendered":"http:\/\/www.radiolimari.cl\/?p=4301"},"modified":"2021-01-11T19:10:49","modified_gmt":"2021-01-11T19:10:49","slug":"seremi-de-la-mujer-reitera-llamado-a-partidos-politicos-a-no-incluir-candidatos-acusados-por-violencia-intrafamiliar-o-por-deudas-de-pension-de-alimentos","status":"publish","type":"post","link":"https:\/\/www.radiolimari.cl\/?p=4301","title":{"rendered":"Seremi de la Mujer reitera llamado a partidos pol\u00edticos a no incluir candidatos  acusados por violencia intrafamiliar o por deudas de pensi\u00f3n de alimentos"},"content":{"rendered":"<p><a href=\"https:\/\/www.radiolimari.cl\/wp-content\/uploads\/2021\/01\/11.1-seremi-mujer.jpg\"><img fetchpriority=\"high\" decoding=\"async\" class=\"alignnone size-medium wp-image-4302\" src=\"https:\/\/www.radiolimari.cl\/wp-content\/uploads\/2021\/01\/11.1-seremi-mujer-300x225.jpg\" alt=\"11.1 seremi mujer\" width=\"300\" height=\"225\" srcset=\"https:\/\/www.radiolimari.cl\/wp-content\/uploads\/2021\/01\/11.1-seremi-mujer-300x225.jpg 300w, https:\/\/www.radiolimari.cl\/wp-content\/uploads\/2021\/01\/11.1-seremi-mujer-1024x768.jpg 1024w\" sizes=\"(max-width: 300px) 100vw, 300px\" \/><\/a><\/p>\n<p>A horas del cierre de la inscripci\u00f3n de candidaturas pol\u00edticas a alcaldes, concejales y constituyentes, la seremi de la Mujer y la Equidad de G\u00e9nero, Iv\u00f3n Guerra reitera el llamado a los partidos pol\u00edticos a no inscribir candidatos que est\u00e9n acusados de violencia contra mujeres o demandas por pensiones alimenticias impagas<!--more--><\/p>\n<p><strong>\u201cTal como lo dijo nuestra Ministra y como lo he venido diciendo durante los \u00faltimos d\u00edas, creo que todos aquellos que aspiren a ostentar un cargo p\u00fablico de representaci\u00f3n popular deben dar ejemplo. Necesitamos que los partidos pol\u00edticos entiendan que una persona acusada por violencia contra la mujer o por deuda de pensi\u00f3n de alimentos, no deber\u00eda ser candidato. Lo primero que debe hacer esa persona es regularizar y aclarar su situaci\u00f3n\u201d,<\/strong> explic\u00f3, Iv\u00f3n Guerra<\/p>\n<p>Asimismo, la seremi\u00a0 aclar\u00f3 que no se trata de discriminar sino que de ser coherentes, <strong>\u201cac\u00e1 no es un tema de discriminaci\u00f3n, yo insisto que para ocupar o ser candidato de\u00a0 un cargo p\u00fablico que representa a la ciudadan\u00eda se necesita tener una irreprochable conducta tanto en la esfera privada como p\u00fablica. Creo que estamos en tiempos donde la sociedad y la ciudadan\u00eda nos llaman a transparentar y desde esa l\u00f3gica es importante que los partidos pol\u00edticos entiendan que los votantes merecen respeto y tener claridad quienes son sus posibles representantes\u201d, <\/strong>dijo Guerra<\/p>\n<p>El cierre para inscribir candidaturas en el Servel, de las pr\u00f3ximas elecciones del 11 de abril cierra hoy a las 23:59 horas<\/p>\n","protected":false},"excerpt":{"rendered":"<p>A horas del cierre de la inscripci\u00f3n de candidaturas pol\u00edticas a alcaldes, concejales y constituyentes, la seremi de la Mujer y la Equidad de G\u00e9nero, Iv\u00f3n Guerra reitera el llamado a los partidos pol\u00edticos a no inscribir candidatos que est\u00e9n acusados de violencia contra mujeres o demandas por pensiones alimenticias impagas<\/p>\n","protected":false},"author":2,"featured_media":4302,"comment_status":"open","ping_status":"open","sticky":false,"template":"","format":"standard","meta":{"footnotes":""},"categories":[6],"tags":[],"class_list":["post-4301","post","type-post","status-publish","format-standard","has-post-thumbnail","hentry","category-regionales"],"_links":{"self":[{"href":"https:\/\/www.radiolimari.cl\/index.php?rest_route=\/wp\/v2\/posts\/4301","targetHints":{"allow":["GET"]}}],"collection":[{"href":"https:\/\/www.radiolimari.cl\/index.php?rest_route=\/wp\/v2\/posts"}],"about":[{"href":"https:\/\/www.radiolimari.cl\/index.php?rest_route=\/wp\/v2\/types\/post"}],"author":[{"embeddable":true,"href":"https:\/\/www.radiolimari.cl\/index.php?rest_route=\/wp\/v2\/users\/2"}],"replies":[{"embeddable":true,"href":"https:\/\/www.radiolimari.cl\/index.php?rest_route=%2Fwp%2Fv2%2Fcomments&post=4301"}],"version-history":[{"count":1,"href":"https:\/\/www.radiolimari.cl\/index.php?rest_route=\/wp\/v2\/posts\/4301\/revisions"}],"predecessor-version":[{"id":4303,"href":"https:\/\/www.radiolimari.cl\/index.php?rest_route=\/wp\/v2\/posts\/4301\/revisions\/4303"}],"wp:featuredmedia":[{"embeddable":true,"href":"https:\/\/www.radiolimari.cl\/index.php?rest_route=\/wp\/v2\/media\/4302"}],"wp:attachment":[{"href":"https:\/\/www.radiolimari.cl\/index.php?rest_route=%2Fwp%2Fv2%2Fmedia&parent=4301"}],"wp:term":[{"taxonomy":"category","embeddable":true,"href":"https:\/\/www.radiolimari.cl\/index.php?rest_route=%2Fwp%2Fv2%2Fcategories&post=4301"},{"taxonomy":"post_tag","embeddable":true,"href":"https:\/\/www.radiolimari.cl\/index.php?rest_route=%2Fwp%2Fv2%2Ftags&post=4301"}],"curies":[{"name":"wp","href":"https:\/\/api.w.org\/{rel}","templated":true}]}}