{"id":4287,"date":"2021-01-05T14:00:33","date_gmt":"2021-01-05T14:00:33","guid":{"rendered":"http:\/\/www.radiolimari.cl\/?p=4287"},"modified":"2021-01-05T14:00:55","modified_gmt":"2021-01-05T14:00:55","slug":"en-ovalle-llaman-a-intensificar-los-cuidados-frente-a-la-nueva-cepa-de-covid-19","status":"publish","type":"post","link":"https:\/\/www.radiolimari.cl\/?p=4287","title":{"rendered":"En Ovalle Llaman a intensificar los cuidados frente a la nueva cepa de Covid-19"},"content":{"rendered":"<p><a href=\"https:\/\/www.radiolimari.cl\/wp-content\/uploads\/2021\/01\/4.1-Nueva-Cepa-2.jpg\"><img fetchpriority=\"high\" decoding=\"async\" class=\"alignnone size-medium wp-image-4288\" src=\"https:\/\/www.radiolimari.cl\/wp-content\/uploads\/2021\/01\/4.1-Nueva-Cepa-2-300x225.jpg\" alt=\"4.1 Nueva Cepa (2)\" width=\"300\" height=\"225\" srcset=\"https:\/\/www.radiolimari.cl\/wp-content\/uploads\/2021\/01\/4.1-Nueva-Cepa-2-300x225.jpg 300w, https:\/\/www.radiolimari.cl\/wp-content\/uploads\/2021\/01\/4.1-Nueva-Cepa-2-1024x768.jpg 1024w\" sizes=\"(max-width: 300px) 100vw, 300px\" \/><\/a><\/p>\n<p><strong>El alcalde de Ovalle, Claudio Renter\u00eda indic\u00f3 que es esencial que exista un buen comportamiento en la comunidad local, para evitar contagios y contar con los indicadores que permitan que la comuna avance de fase en el plan Paso a Paso<\/strong><!--more--><\/p>\n<p>Ovalle vive una situaci\u00f3n incierta en lo que respecta al Covid-19, puesto que a\u00fan no se conoce la decisi\u00f3n del Gobierno, si es que la comuna cumple con los indicadores para avanzar a fase de Preparaci\u00f3n, se mantiene en Transici\u00f3n o si es que, como medida preventiva, se adopta, nuevamente, el confinamiento total. De acuerdo a la opini\u00f3n de los expertos en materia de Salud, se debe esperar, al menos, los primeros d\u00edas de enero, pues en este periodo se ver\u00e1 reflejado el resultado de las aglomeraciones que se generaron durante Navidad y A\u00f1o Nuevo.<\/p>\n<p>De todas formas es importante que los ciudadanos mantengan e intensifiquen los cuidados, sobretodo teniendo en cuenta la nueva Cepa del Covid-19, que es m\u00e1s contagiosa e igual de peligrosa en el \u00e1mbito de salud. \u201cLa posibilidad de que alguien que est\u00e9 contagiado con la nueva cepa e infecte a otras personas es m\u00e1s alta que antes. Si bien, no se ha registrado que sea m\u00e1s letal, si se ha comprobado que se propaga m\u00e1s r\u00e1pido entre las personas lo que generar\u00e1 un problema, porque facilitar\u00e1 el colapso de los centros de salud en general y por ende m\u00e1s personas podr\u00edan quedar hospitalizada y m\u00e1s gente podr\u00eda morir a consecuencia del virus\u201d sostuvo el asesor m\u00e9dico del departamento de Salud Municipal, doctor Diego Pe\u00f1ailillo.<\/p>\n<p>En lo que respecta, al proceso de vacunaci\u00f3n que se ejecutar\u00e1 en los pr\u00f3ximos meses en la comuna el profesional indic\u00f3 que \u201cno se ha podido demostrar que genere alg\u00fan tipo de resistencia a la efectividad de la vacuna\u201d. Asimismo, agreg\u00f3 que ahora el tratamiento de la pandemia a nivel internacional ha cambiado puesto que \u201cantes el mensaje era tratar de convivir con el virus, lo que ahora es un riesgo, puesto que cuando convivimos con el virus permitimos que siga mutando, se generen m\u00e1s riesgos y se produzca una cepa m\u00e1s agresiva\u201d asever\u00f3 el profesional.<\/p>\n<p>En este sentido, el alcalde de Ovalle Claudio Renter\u00eda hizo un llamado a intensificar los cuidados y el cumplimiento de las medidas sanitarias porque \u201ces la \u00fanica forma de bajar los efectos de la pandemia en nuestra comuna. Evitemos las aglomeraciones, disminuyamos los riesgos si tenemos que realizar alguna actividad, s\u00f3lo de esta manera mejorar\u00e1n nuestras cifras y podremos avanzar en el plan Paso a Paso del gobierno\u201d. La autoridad comunal agreg\u00f3 que \u201cno queremos que la comuna vuelva a experimentar el confinamiento total, pero esto depende del comportamiento de todos nosotros\u201d.<\/p>\n<p>Los equipos de salud continuar\u00e1n realizando PCR gratuitos en el punto ubicado en la alameda, sector Espejo de Agua, de lunes a viernes de 9 a 13 horas.<\/p>\n<p>&nbsp;<\/p>\n<p>&nbsp;<\/p>\n","protected":false},"excerpt":{"rendered":"<p>El alcalde de Ovalle, Claudio Renter\u00eda indic\u00f3 que es esencial que exista un buen comportamiento en la comunidad local, para evitar contagios y contar con los indicadores que permitan que la comuna avance de fase en el plan Paso a Paso<\/p>\n","protected":false},"author":2,"featured_media":4288,"comment_status":"open","ping_status":"open","sticky":false,"template":"","format":"standard","meta":{"footnotes":""},"categories":[5],"tags":[],"class_list":["post-4287","post","type-post","status-publish","format-standard","has-post-thumbnail","hentry","category-actualidad-limarina"],"_links":{"self":[{"href":"https:\/\/www.radiolimari.cl\/index.php?rest_route=\/wp\/v2\/posts\/4287","targetHints":{"allow":["GET"]}}],"collection":[{"href":"https:\/\/www.radiolimari.cl\/index.php?rest_route=\/wp\/v2\/posts"}],"about":[{"href":"https:\/\/www.radiolimari.cl\/index.php?rest_route=\/wp\/v2\/types\/post"}],"author":[{"embeddable":true,"href":"https:\/\/www.radiolimari.cl\/index.php?rest_route=\/wp\/v2\/users\/2"}],"replies":[{"embeddable":true,"href":"https:\/\/www.radiolimari.cl\/index.php?rest_route=%2Fwp%2Fv2%2Fcomments&post=4287"}],"version-history":[{"count":1,"href":"https:\/\/www.radiolimari.cl\/index.php?rest_route=\/wp\/v2\/posts\/4287\/revisions"}],"predecessor-version":[{"id":4289,"href":"https:\/\/www.radiolimari.cl\/index.php?rest_route=\/wp\/v2\/posts\/4287\/revisions\/4289"}],"wp:featuredmedia":[{"embeddable":true,"href":"https:\/\/www.radiolimari.cl\/index.php?rest_route=\/wp\/v2\/media\/4288"}],"wp:attachment":[{"href":"https:\/\/www.radiolimari.cl\/index.php?rest_route=%2Fwp%2Fv2%2Fmedia&parent=4287"}],"wp:term":[{"taxonomy":"category","embeddable":true,"href":"https:\/\/www.radiolimari.cl\/index.php?rest_route=%2Fwp%2Fv2%2Fcategories&post=4287"},{"taxonomy":"post_tag","embeddable":true,"href":"https:\/\/www.radiolimari.cl\/index.php?rest_route=%2Fwp%2Fv2%2Ftags&post=4287"}],"curies":[{"name":"wp","href":"https:\/\/api.w.org\/{rel}","templated":true}]}}