{"id":4272,"date":"2020-12-30T14:30:50","date_gmt":"2020-12-30T14:30:50","guid":{"rendered":"http:\/\/www.radiolimari.cl\/?p=4272"},"modified":"2020-12-30T14:30:50","modified_gmt":"2020-12-30T14:30:50","slug":"seremi-de-energia-capacita-a-mas-de-300-familias-de-la-region-en-eficiencia-energetica","status":"publish","type":"post","link":"https:\/\/www.radiolimari.cl\/?p=4272","title":{"rendered":"SEREMI de Energ\u00eda capacita a m\u00e1s de 300 familias de la Regi\u00f3n en eficiencia energ\u00e9tica"},"content":{"rendered":"<p><a href=\"https:\/\/www.radiolimari.cl\/wp-content\/uploads\/2020\/12\/30.12-cbe.jpg\"><img decoding=\"async\" class=\"alignnone size-medium wp-image-4273\" src=\"https:\/\/www.radiolimari.cl\/wp-content\/uploads\/2020\/12\/30.12-cbe-300x149.jpg\" alt=\"30.12 cbe\" width=\"300\" height=\"149\" srcset=\"https:\/\/www.radiolimari.cl\/wp-content\/uploads\/2020\/12\/30.12-cbe-300x149.jpg 300w, https:\/\/www.radiolimari.cl\/wp-content\/uploads\/2020\/12\/30.12-cbe-1024x508.jpg 1024w, https:\/\/www.radiolimari.cl\/wp-content\/uploads\/2020\/12\/30.12-cbe.jpg 1877w\" sizes=\"(max-width: 300px) 100vw, 300px\" \/><\/a><\/p>\n<p><b style=\"color: #500050;\"><i>Programa \u201cCon Buena Energ\u00eda\u201d benefici\u00f3 a vecinos a trav\u00e9s de capacitaciones de ahorro energ\u00e9tico, tanto virtuales como presenciales.<\/i><\/b><!--more--><\/p>\n<p style=\"color: #500050;\">En medio de un a\u00f1o marcado por la pandemia y las restricciones sanitarias, el programa \u201cCon Buena Energ\u00eda\u201d finaliz\u00f3 el a\u00f1o 2020 con m\u00e1s de 300 personas capacitadas de diferentes comunas de la Regi\u00f3n de Coquimbo, en medidas y acciones de ahorro energ\u00e9tico para disminuir los consumos de luz y gas en sus casas.<\/p>\n<p style=\"color: #500050;\">\u00a0Dichas capacitaciones- realizadas tanto de manera virtual como presencial \u2013 favorecieron a familias de las comunas de La Serena, Coquimbo, Ovalle, Punitaqui, Combarbal\u00e1, Monte Patria y Los Vilos, quienes aprendieron consejos pr\u00e1cticos para ser m\u00e1s eficientes en el hogar, instancia m\u00e1s que oportuna debido a las medidas impuestas por la pandemia, como las clases educativas on line o el teletrabajo, que impidieron la movilidad de las personas. Por ende, al estar mayor tiempo en casas, esto trajo consigo m\u00e1s consumo el\u00e9ctrico.<\/p>\n<p style=\"color: #500050;\">\u00a0El programa \u201cCon Buena Energ\u00eda\u201d se enfoca en recomendaciones para ser m\u00e1s eficientes en el uso de artefactos el\u00e9ctricos, cuidados en el refrigerador, el etiquetado energ\u00e9tico de los productos, entre otros consejos. Adem\u00e1s de la capacitaci\u00f3n, se entregaron m\u00e1s de 900 ampolletas led y alargadores tipo \u201czapatilla\u201d para reducir el consumo, dado que este tipo de luces son un 90% m\u00e1s eficiente que las tradicionales.<\/p>\n<p style=\"color: #500050;\">\u00a0El Seremi de Energ\u00eda, \u00c1lvaro Herrera, remarc\u00f3 que \u201cel Programa Con Buena Energ\u00eda busca que las personas adopten peque\u00f1os conceptos que al final del mes pueden significar una tremenda diferencia en sus cuentas de luz. Y si bien este a\u00f1o tuvimos restricciones propias de la pandemia, de todas maneras hicimos el esfuerzo de buscar alianzas con otros servicios, para llegar a las familias de manera virtual. As\u00ed es que de todos modos creemos que desplegamos nuestro mayor esfuerzo para adaptarnos a la nueva realidad, donde el llamado fue que las personas no salieran de sus casas, cuidando la energ\u00eda\u201d.<\/p>\n<p style=\"color: #500050;\">\u00a0Cabe mencionar que este a\u00f1o el programa del Ministerio de Energ\u00eda se ampli\u00f3 a nuevos beneficiarios, al establecer convenios de capacitaci\u00f3n con el Instituto Nacional de la Juventud (Injuv) y la Fundaci\u00f3n Prodemu.<\/p>\n<p style=\"color: #500050;\">\u00a0Para los beneficiarios, estas jornadas demostraron ser un aporte concreto, pues les permiti\u00f3 aclarar informaci\u00f3n relativa a los artefactos que m\u00e1s consumen energ\u00eda en el hogar y formas de ser m\u00e1s eficientes, en un a\u00f1o marcado por la pandemia.<\/p>\n","protected":false},"excerpt":{"rendered":"<p>Programa \u201cCon Buena Energ\u00eda\u201d benefici\u00f3 a vecinos a trav\u00e9s de capacitaciones de ahorro energ\u00e9tico, tanto virtuales como presenciales.<\/p>\n","protected":false},"author":2,"featured_media":4273,"comment_status":"open","ping_status":"open","sticky":false,"template":"","format":"standard","meta":{"footnotes":""},"categories":[6],"tags":[],"class_list":["post-4272","post","type-post","status-publish","format-standard","has-post-thumbnail","hentry","category-regionales"],"_links":{"self":[{"href":"https:\/\/www.radiolimari.cl\/index.php?rest_route=\/wp\/v2\/posts\/4272","targetHints":{"allow":["GET"]}}],"collection":[{"href":"https:\/\/www.radiolimari.cl\/index.php?rest_route=\/wp\/v2\/posts"}],"about":[{"href":"https:\/\/www.radiolimari.cl\/index.php?rest_route=\/wp\/v2\/types\/post"}],"author":[{"embeddable":true,"href":"https:\/\/www.radiolimari.cl\/index.php?rest_route=\/wp\/v2\/users\/2"}],"replies":[{"embeddable":true,"href":"https:\/\/www.radiolimari.cl\/index.php?rest_route=%2Fwp%2Fv2%2Fcomments&post=4272"}],"version-history":[{"count":1,"href":"https:\/\/www.radiolimari.cl\/index.php?rest_route=\/wp\/v2\/posts\/4272\/revisions"}],"predecessor-version":[{"id":4274,"href":"https:\/\/www.radiolimari.cl\/index.php?rest_route=\/wp\/v2\/posts\/4272\/revisions\/4274"}],"wp:featuredmedia":[{"embeddable":true,"href":"https:\/\/www.radiolimari.cl\/index.php?rest_route=\/wp\/v2\/media\/4273"}],"wp:attachment":[{"href":"https:\/\/www.radiolimari.cl\/index.php?rest_route=%2Fwp%2Fv2%2Fmedia&parent=4272"}],"wp:term":[{"taxonomy":"category","embeddable":true,"href":"https:\/\/www.radiolimari.cl\/index.php?rest_route=%2Fwp%2Fv2%2Fcategories&post=4272"},{"taxonomy":"post_tag","embeddable":true,"href":"https:\/\/www.radiolimari.cl\/index.php?rest_route=%2Fwp%2Fv2%2Ftags&post=4272"}],"curies":[{"name":"wp","href":"https:\/\/api.w.org\/{rel}","templated":true}]}}