{"id":4247,"date":"2020-12-21T18:45:24","date_gmt":"2020-12-21T18:45:24","guid":{"rendered":"http:\/\/www.radiolimari.cl\/?p=4247"},"modified":"2020-12-21T18:45:24","modified_gmt":"2020-12-21T18:45:24","slug":"en-ovalle-centros-de-abastecimientos-locales-atenderan-en-horario-especial-en-fiestas-de-fin-de-ano","status":"publish","type":"post","link":"https:\/\/www.radiolimari.cl\/?p=4247","title":{"rendered":"En Ovalle Centros de abastecimientos locales atender\u00e1n en horario especial en Fiestas de fin de a\u00f1o"},"content":{"rendered":"<p><a href=\"https:\/\/www.radiolimari.cl\/wp-content\/uploads\/2020\/12\/21.12-Centros-de-abastecimiento-1.jpg\"><img fetchpriority=\"high\" decoding=\"async\" class=\"alignnone size-medium wp-image-4248\" src=\"https:\/\/www.radiolimari.cl\/wp-content\/uploads\/2020\/12\/21.12-Centros-de-abastecimiento-1-300x199.jpg\" alt=\"21.12 Centros de abastecimiento 1\" width=\"300\" height=\"199\" srcset=\"https:\/\/www.radiolimari.cl\/wp-content\/uploads\/2020\/12\/21.12-Centros-de-abastecimiento-1-300x199.jpg 300w, https:\/\/www.radiolimari.cl\/wp-content\/uploads\/2020\/12\/21.12-Centros-de-abastecimiento-1-1024x682.jpg 1024w, https:\/\/www.radiolimari.cl\/wp-content\/uploads\/2020\/12\/21.12-Centros-de-abastecimiento-1.jpg 2000w\" sizes=\"(max-width: 300px) 100vw, 300px\" \/><\/a><\/p>\n<p><strong><em>\u00a0La idea es que las personas asistan a los centros de abastecimiento y tomen todos los resguardos sanitarios, para prevenir contagios por Covid-19. <\/em><\/strong><!--more--><\/p>\n<p>S\u00f3lo d\u00edas restan para Navidad y ello es motivo para que ovallinas y ovallinos acudan a realizar sus compras a los centros de abastecimiento locales. Es por esta raz\u00f3n, que para las celebraciones de fin de a\u00f1o, los principales recinto de ventas de productos atender\u00e1 en horario especial<\/p>\n<p>En el caso de la Feria Modelo de Ovalle, tanto sector Frutas y Verduras, Minorista y Mayorista;\u00a0 como Paqueter\u00eda, Vestuario y Zapater\u00eda atender\u00e1n este lunes 21 de diciembre, de 6.00 a 18.00 horas; martes 22, de 7.00 a 15.00 horas; mi\u00e9rcoles 23, de 6.00 a 18.00 horas; jueves 24, de 7.00 a 18.00 horas; y s\u00e1bado 26; de 6.00 a 16.00 horas; manteni\u00e9ndose cerrado el d\u00eda 25.<\/p>\n<p>Por su parte el Mercado Municipal espera a toda su clientela este lunes 21, martes 22, mi\u00e9rcoles 23, jueves 24 y s\u00e1bado 26, entre las 8.00 y las 19.00 horas. El viernes 25 estar\u00e1 cerrado.<\/p>\n<p>Asimismo, el recinto La Vega Chica: La Perla del Limar\u00ed\u201d tendr\u00e1 abiertas sus dependencias de lunes a s\u00e1bado de 9.00 a 20.00 horas, con la excepci\u00f3n del viernes 25 que permanecer\u00e1 cerrado.<\/p>\n<p>El encargado de Fomento Productivo y Turismo, Eric Castro, realiz\u00f3 un llamado a la ciudadan\u00eda a adquirir regalos e insumos en el comercio establecido, manteniendo los cuidados pertinentes. \u201cComo municipalidad, hemos estado trabajando en tres puntos importantes en los que se fomenta el desarrollo econ\u00f3mico local, que es la Feria Modelo, La Vega Chica y el Mercado Municipal. Para nosotros\u00a0 es muy importante que la comunidad realice sus compras en el comercio establecido, donde nuestros comerciantes son los protagonistas\u201d. El alcalde de Ovalle, Claudio Renter\u00eda indic\u00f3 que es importante que las personas que asistan a estos recintos \u201crespeten, en todo momento, las medidas sanitarias y practiquemos el autocuidado, porque de nosotros depende que las cifras de contagios no aumenten y eso obligue a la autoridad sanitaria a tomar medidas m\u00e1s dr\u00e1sticas para nuestra comuna\u201d.<\/p>\n<p><strong>LOS REGALOS<\/strong><\/p>\n<p>Adem\u00e1s de la Feria Modelo, Mercado Municipal y Vega Chica, durante toda la semana se desarrollar\u00e1 la feria de emprendedores \u201cMercadito Ovalle\u201d en la Plaza de Armas, donde diferentes productores ofrecen trabajos de manufactura local como obsequios navide\u00f1os.<\/p>\n<p>El Mercadito estar\u00e1 disponible hasta el mi\u00e9rcoles 23, entre las 9.00 y las 18.00 horas; mientras el d\u00eda 24 atender\u00e1 hasta las 16.00 horas.<\/p>\n<p>&nbsp;<\/p>\n<p>&nbsp;<\/p>\n<p>&nbsp;<\/p>\n","protected":false},"excerpt":{"rendered":"<p>\u00a0La idea es que las personas asistan a los centros de abastecimiento y tomen todos los resguardos sanitarios, para prevenir contagios por Covid-19.<\/p>\n","protected":false},"author":2,"featured_media":4248,"comment_status":"open","ping_status":"open","sticky":false,"template":"","format":"standard","meta":{"footnotes":""},"categories":[5],"tags":[],"class_list":["post-4247","post","type-post","status-publish","format-standard","has-post-thumbnail","hentry","category-actualidad-limarina"],"_links":{"self":[{"href":"https:\/\/www.radiolimari.cl\/index.php?rest_route=\/wp\/v2\/posts\/4247","targetHints":{"allow":["GET"]}}],"collection":[{"href":"https:\/\/www.radiolimari.cl\/index.php?rest_route=\/wp\/v2\/posts"}],"about":[{"href":"https:\/\/www.radiolimari.cl\/index.php?rest_route=\/wp\/v2\/types\/post"}],"author":[{"embeddable":true,"href":"https:\/\/www.radiolimari.cl\/index.php?rest_route=\/wp\/v2\/users\/2"}],"replies":[{"embeddable":true,"href":"https:\/\/www.radiolimari.cl\/index.php?rest_route=%2Fwp%2Fv2%2Fcomments&post=4247"}],"version-history":[{"count":1,"href":"https:\/\/www.radiolimari.cl\/index.php?rest_route=\/wp\/v2\/posts\/4247\/revisions"}],"predecessor-version":[{"id":4249,"href":"https:\/\/www.radiolimari.cl\/index.php?rest_route=\/wp\/v2\/posts\/4247\/revisions\/4249"}],"wp:featuredmedia":[{"embeddable":true,"href":"https:\/\/www.radiolimari.cl\/index.php?rest_route=\/wp\/v2\/media\/4248"}],"wp:attachment":[{"href":"https:\/\/www.radiolimari.cl\/index.php?rest_route=%2Fwp%2Fv2%2Fmedia&parent=4247"}],"wp:term":[{"taxonomy":"category","embeddable":true,"href":"https:\/\/www.radiolimari.cl\/index.php?rest_route=%2Fwp%2Fv2%2Fcategories&post=4247"},{"taxonomy":"post_tag","embeddable":true,"href":"https:\/\/www.radiolimari.cl\/index.php?rest_route=%2Fwp%2Fv2%2Ftags&post=4247"}],"curies":[{"name":"wp","href":"https:\/\/api.w.org\/{rel}","templated":true}]}}