{"id":4242,"date":"2020-12-21T18:36:37","date_gmt":"2020-12-21T18:36:37","guid":{"rendered":"http:\/\/www.radiolimari.cl\/?p=4242"},"modified":"2020-12-21T18:38:05","modified_gmt":"2020-12-21T18:38:05","slug":"coronavirus-en-la-region-de-coquimbo-se-han-realizado-mas-de-40-denuncias-por-fiestas-clandestinas","status":"publish","type":"post","link":"https:\/\/www.radiolimari.cl\/?p=4242","title":{"rendered":"#CoronaVirus: En la regi\u00f3n de Coquimbo se han realizado m\u00e1s de 40 denuncias por fiestas clandestinas"},"content":{"rendered":"<p><a href=\"https:\/\/www.radiolimari.cl\/wp-content\/uploads\/2020\/12\/21.12-fiestas.jpeg\"><img fetchpriority=\"high\" decoding=\"async\" class=\"alignnone size-medium wp-image-4243\" src=\"https:\/\/www.radiolimari.cl\/wp-content\/uploads\/2020\/12\/21.12-fiestas-300x225.jpeg\" alt=\"21.12 fiestas\" width=\"300\" height=\"225\" srcset=\"https:\/\/www.radiolimari.cl\/wp-content\/uploads\/2020\/12\/21.12-fiestas-300x225.jpeg 300w, https:\/\/www.radiolimari.cl\/wp-content\/uploads\/2020\/12\/21.12-fiestas.jpeg 960w\" sizes=\"(max-width: 300px) 100vw, 300px\" \/><\/a><\/p>\n<p><strong><em>En el reporte diario se informaron 38 casos nuevos de Coronavirus<\/em><\/strong><!--more--><\/p>\n<p>Las autoridades regionales destacaron hoy, en un nuevo reporte sanitario con la situaci\u00f3n local del Coronavirus, el aporte que est\u00e1 realizando la comunidad para denunciar actos que atentan contra la salud p\u00fablica.<\/p>\n<p>\u201cQuiero destacar el trabajo en terreno que realizamos este fin de semana, principalmente en horario nocturno y en toque de queda con nuestros nuevos fiscalizadores. Habilitamos un n\u00famero telef\u00f3nico que recibi\u00f3 durante estos d\u00edas m\u00e1s de 40 denuncias, junto con eso se realizaron cerca de 90 fiscalizaciones para revisar el cumplimiento de las medidas sanitarias, cursar sumarios sanitarios y desbaratar la realizaci\u00f3n de fiestas clandestinas\u201d, admiti\u00f3 el Seremi de Salud, Alejandro Garc\u00eda.<\/p>\n<p>La Autoridad Sanitaria indic\u00f3, adem\u00e1s, que el llamado principal es al autocuidado, \u201cpero tambi\u00e9n a denunciar este tipo de hechos que atentan contra la salud p\u00fablica de nuestra regi\u00f3n\u201d.<\/p>\n<p><strong>Reporte Sanitario<\/strong><\/p>\n<p>En el reporte diario se inform\u00f3 el fallecimiento de una persona a causa del Coronavirus, con residencia en la comuna de Coquimbo. Adem\u00e1s, se registraron<\/p>\n<p>38 casos nuevos del virus, de los cuales 8 corresponden a la comuna de La Serena, 10 a Coquimbo, 1 a Andacollo, 2 a Vicu\u00f1a, 10 a Ovalle, 4 a Monte Patria, 1 a Punitaqui, 1 a R\u00edo Hurtado y 1 caso sin notificaci\u00f3n en el sistema Epivigila. Con esto, se llega a un total de 13.854 casos acumulados, de los cuales 292 se mantienen con contagio activo.<\/p>\n<p>El Director (S) del Servicio de Salud Coquimbo, Edgardo Gonz\u00e1lez, se refiri\u00f3 al n\u00famero de camas disponibles actualmente en la Regi\u00f3n de Coquimbo. \u201cPodemos mencionar que 245 unidades se encuentran disponibles, de una dotaci\u00f3n total de 1.163, lo que representa un 77% de ocupaci\u00f3n general. Y en cuanto a las camas de las Unidades de Pacientes Cr\u00edticos, hoy contamos con 4 camas disponibles en la Unidad de Cuidados Intensivos y 6 en la Unidad de Tratamiento Intermedio\u201d, se\u00f1al\u00f3.<\/p>\n<p>Adem\u00e1s, la autoridad entreg\u00f3 el reporte de pacientes hospitalizados en la regi\u00f3n. \u201cHoy contamos con 819 personas hospitalizadas en la Red Asistencial de la regi\u00f3n, de las cuales 30 est\u00e1n internadas por Covid y 7 se encuentran con requerimiento de ventilaci\u00f3n mec\u00e1nica: 2 en el Hospital de Coquimbo y 5 en el Hospital de Ovalle\u201d, detall\u00f3.<\/p>\n<p>Finalmente, el Director (S) entreg\u00f3 el reporte del personal de salud afectado por el virus, informando que 11 funcionarios del Servicio de Salud y de los hospitales han dado positivo al virus, y 55 se encuentran en cuarentena preventiva. Mientras que en la Atenci\u00f3n Primaria de Salud (APS), 6 funcionarios han dado positivo al virus y 25 se mantienen en cuarentena\u201d.<\/p>\n<p><strong>BALANCE REGI\u00d3N DE COQUIMBO<\/strong><\/p>\n<p><strong>Lunes 21 de Diciembre<\/strong><\/p>\n<p>38 casos nuevos<\/p>\n<p>13.854 casos acumulados<\/p>\n<p>292 casos activos<\/p>\n<p>290 fallecidos<\/p>\n<p>30 pacientes hospitalizados<\/p>\n<p>Residencias Sanitarias: 58% de ocupaci\u00f3n<\/p>\n<p>Detalle Casos Nuevos:<\/p>\n<ul>\n<li>08 de La Serena<\/li>\n<li>10 de Coquimbo<\/li>\n<li>01 de Andacollo<\/li>\n<li>02 de Vicu\u00f1a<\/li>\n<li>10 de Ovalle<\/li>\n<li>04 de Monte Patria<\/li>\n<li>01 de Punitaqui<\/li>\n<li>01 de R\u00edo Hurtado<\/li>\n<li>01 sin notificaci\u00f3n en el sistema Epivigila<\/li>\n<\/ul>\n<p>&nbsp;<\/p>\n","protected":false},"excerpt":{"rendered":"<p>En el reporte diario se informaron 38 casos nuevos de Coronavirus<\/p>\n","protected":false},"author":2,"featured_media":4243,"comment_status":"open","ping_status":"open","sticky":false,"template":"","format":"standard","meta":{"footnotes":""},"categories":[3],"tags":[],"class_list":["post-4242","post","type-post","status-publish","format-standard","has-post-thumbnail","hentry","category-actualidad"],"_links":{"self":[{"href":"https:\/\/www.radiolimari.cl\/index.php?rest_route=\/wp\/v2\/posts\/4242","targetHints":{"allow":["GET"]}}],"collection":[{"href":"https:\/\/www.radiolimari.cl\/index.php?rest_route=\/wp\/v2\/posts"}],"about":[{"href":"https:\/\/www.radiolimari.cl\/index.php?rest_route=\/wp\/v2\/types\/post"}],"author":[{"embeddable":true,"href":"https:\/\/www.radiolimari.cl\/index.php?rest_route=\/wp\/v2\/users\/2"}],"replies":[{"embeddable":true,"href":"https:\/\/www.radiolimari.cl\/index.php?rest_route=%2Fwp%2Fv2%2Fcomments&post=4242"}],"version-history":[{"count":3,"href":"https:\/\/www.radiolimari.cl\/index.php?rest_route=\/wp\/v2\/posts\/4242\/revisions"}],"predecessor-version":[{"id":4246,"href":"https:\/\/www.radiolimari.cl\/index.php?rest_route=\/wp\/v2\/posts\/4242\/revisions\/4246"}],"wp:featuredmedia":[{"embeddable":true,"href":"https:\/\/www.radiolimari.cl\/index.php?rest_route=\/wp\/v2\/media\/4243"}],"wp:attachment":[{"href":"https:\/\/www.radiolimari.cl\/index.php?rest_route=%2Fwp%2Fv2%2Fmedia&parent=4242"}],"wp:term":[{"taxonomy":"category","embeddable":true,"href":"https:\/\/www.radiolimari.cl\/index.php?rest_route=%2Fwp%2Fv2%2Fcategories&post=4242"},{"taxonomy":"post_tag","embeddable":true,"href":"https:\/\/www.radiolimari.cl\/index.php?rest_route=%2Fwp%2Fv2%2Ftags&post=4242"}],"curies":[{"name":"wp","href":"https:\/\/api.w.org\/{rel}","templated":true}]}}