{"id":4222,"date":"2020-12-18T13:52:30","date_gmt":"2020-12-18T13:52:30","guid":{"rendered":"http:\/\/www.radiolimari.cl\/?p=4222"},"modified":"2020-12-18T13:52:30","modified_gmt":"2020-12-18T13:52:30","slug":"revista-miscelanea-lanza-su-primera-edicion-2020-en-ovalle","status":"publish","type":"post","link":"https:\/\/www.radiolimari.cl\/?p=4222","title":{"rendered":"Revista Miscel\u00e1nea lanza su primera edici\u00f3n 2020 en Ovalle"},"content":{"rendered":"<p><a href=\"https:\/\/www.radiolimari.cl\/wp-content\/uploads\/2020\/12\/18.12-ovalle-cultura.jpg\"><img fetchpriority=\"high\" decoding=\"async\" class=\"alignnone size-medium wp-image-4223\" src=\"https:\/\/www.radiolimari.cl\/wp-content\/uploads\/2020\/12\/18.12-ovalle-cultura-300x200.jpg\" alt=\"18.12 ovalle cultura\" width=\"300\" height=\"200\" srcset=\"https:\/\/www.radiolimari.cl\/wp-content\/uploads\/2020\/12\/18.12-ovalle-cultura-300x200.jpg 300w, https:\/\/www.radiolimari.cl\/wp-content\/uploads\/2020\/12\/18.12-ovalle-cultura-1024x683.jpg 1024w\" sizes=\"(max-width: 300px) 100vw, 300px\" \/><\/a><\/p>\n<p><strong>Adem\u00e1s de su versi\u00f3n impresa que estar\u00e1 disponible en diversos puntos de la Regi\u00f3n de Coquimbo, el medio multiplataforma cuenta con su p\u00e1gina web www.revistamiscel\u00e1nea.cl<\/strong><!--more--><\/p>\n<p>El frontis de la Biblioteca Municipal de Ovalle V\u00edctor Domingo Silva fue el escenario para que Revista Miscel\u00e1nea lanzara su primer n\u00famero de este 2020, en una \u00edntima ceremonia en \u00a0compa\u00f1\u00eda de autoridades, artistas y gestores de la Regi\u00f3n de Coquimbo.<\/p>\n<p>Debido a la pandemia, fueron largos meses de espera para poder concretar este gran hito de contar con una nueva edici\u00f3n del medio que en esta oportunidad no solo ofrece\u00a0 su versi\u00f3n impresa sino que ampl\u00eda su llegada, gracias a la puesta en marcha de su nueva plataforma digital <a href=\"http:\/\/www.revistamiscel\u00e1nea.cl\">www.revistamiscel\u00e1nea.cl<\/a>, como parte del proyecto financiamiento del Fondart Regional en su l\u00ednea de Difusi\u00f3n, con el co-financiamiento y la co-producci\u00f3n de la Ilustre Municipalidad de Ovalle, a trav\u00e9s de su Corporaci\u00f3n Cultural Municipal.<\/p>\n<p>En la oportunidad los asistentes \u2013cumpliendo con todos los protocolos sanitarios- y quienes pudieron seguir la transmisi\u00f3n online de este lanzamiento\u00a0 conocieron el nuevo dise\u00f1o de la portada de esta revista especializada en arte y cultura en la Regi\u00f3n de Coquimbo, que busca promover y difundir la industria creativa y cultural, poniendo en valor y rescatando el trabajo de creadores y artistas;\u00a0 fortaleciendo la difusi\u00f3n de la programaci\u00f3n que se desarrolla en diferentes recintos culturales existentes en la zona y\u00a0 diversificando\u00a0 la oferta cultural a trav\u00e9s de un trabajo en red entre las provincias de Choapa, Limar\u00ed y Elqui.<\/p>\n<p>Pierina Escalona, directora de la revista, manifest\u00f3 que \u201cfue cuesta arriba lograr este lanzamiento, el cual hicimos de forma responsable y cumpliendo todos los protocolos se\u00f1alados por la autoridad sanitaria. Para nosotros -como equipo- es realmente significativo continuar siendo un aporte a la promoci\u00f3n y difusi\u00f3n art\u00edstica y cultural \u2013sobre todo en estos tiempos\u201d.<\/p>\n<p>\u201cLamentablemente no pudimos contar con todos los colaboradores de este medio de forma presencial, sin embargo pudimos llegar a ellos mediante nuestras redes sociales y compartir este lanzamiento con la ciudadan\u00eda a trav\u00e9s de dichas plataformas. La invitaci\u00f3n es a conocer esta nueva p\u00e1gina web y tambi\u00e9n a obtener su ejemplar impreso disponible en distintos puntos de distribuci\u00f3n en la Regi\u00f3n de Coquimbo\u201d agreg\u00f3.<\/p>\n<p>En tanto el alcalde de la comuna de Ovalle, Claudio Renter\u00eda, destac\u00f3 la importancia de contar con este medio que \u201cnuevamente estar\u00e1 presente en toda la Regi\u00f3n de Coquimbo, con interesantes contenidos. Tal como lo hicimos en el 2018, en esta oportunidad, volvemos a apoyar este proyecto que circular\u00e1 por toda la Regi\u00f3n de Coquimbo, articulando un circuito que promueva la participaci\u00f3n de la ciudadan\u00eda en actividades culturales, tanto presenciales como online,\u201d<\/p>\n<p>Cabe destacar que Miscel\u00e1nea contar\u00e1 con tres ediciones cada una de 1.500 ejemplares en el tradicional formato: impreso en papel, que los lectores podr\u00e1n adquirir gratuitamente en distintos puntos de distribuci\u00f3n ubicados en la Casa de la Cultura de Los Vilos, El Teatro Municipal de Ovalle, el Centro cultural Palace de Coquimbo, La Biblioteca Regional Gabriela Mistral en La Serena y en la Corporaci\u00f3n Cultural de Vicu\u00f1a. As\u00ed mismo diversos contenidos art\u00edsticos culturales estar\u00e1n alojados a tan solo un click de la ciudadan\u00eda cultural ingresando a <a href=\"http:\/\/www.revistamiscel\u00e1nea.cl\">www.revistamiscel\u00e1nea.cl<\/a><\/p>\n<p>&nbsp;<\/p>\n","protected":false},"excerpt":{"rendered":"<p>Adem\u00e1s de su versi\u00f3n impresa que estar\u00e1 disponible en diversos puntos de la Regi\u00f3n de Coquimbo, el medio multiplataforma cuenta con su p\u00e1gina web www.revistamiscel\u00e1nea.cl<\/p>\n","protected":false},"author":2,"featured_media":4223,"comment_status":"open","ping_status":"open","sticky":false,"template":"","format":"standard","meta":{"footnotes":""},"categories":[5],"tags":[],"class_list":["post-4222","post","type-post","status-publish","format-standard","has-post-thumbnail","hentry","category-actualidad-limarina"],"_links":{"self":[{"href":"https:\/\/www.radiolimari.cl\/index.php?rest_route=\/wp\/v2\/posts\/4222","targetHints":{"allow":["GET"]}}],"collection":[{"href":"https:\/\/www.radiolimari.cl\/index.php?rest_route=\/wp\/v2\/posts"}],"about":[{"href":"https:\/\/www.radiolimari.cl\/index.php?rest_route=\/wp\/v2\/types\/post"}],"author":[{"embeddable":true,"href":"https:\/\/www.radiolimari.cl\/index.php?rest_route=\/wp\/v2\/users\/2"}],"replies":[{"embeddable":true,"href":"https:\/\/www.radiolimari.cl\/index.php?rest_route=%2Fwp%2Fv2%2Fcomments&post=4222"}],"version-history":[{"count":1,"href":"https:\/\/www.radiolimari.cl\/index.php?rest_route=\/wp\/v2\/posts\/4222\/revisions"}],"predecessor-version":[{"id":4224,"href":"https:\/\/www.radiolimari.cl\/index.php?rest_route=\/wp\/v2\/posts\/4222\/revisions\/4224"}],"wp:featuredmedia":[{"embeddable":true,"href":"https:\/\/www.radiolimari.cl\/index.php?rest_route=\/wp\/v2\/media\/4223"}],"wp:attachment":[{"href":"https:\/\/www.radiolimari.cl\/index.php?rest_route=%2Fwp%2Fv2%2Fmedia&parent=4222"}],"wp:term":[{"taxonomy":"category","embeddable":true,"href":"https:\/\/www.radiolimari.cl\/index.php?rest_route=%2Fwp%2Fv2%2Fcategories&post=4222"},{"taxonomy":"post_tag","embeddable":true,"href":"https:\/\/www.radiolimari.cl\/index.php?rest_route=%2Fwp%2Fv2%2Ftags&post=4222"}],"curies":[{"name":"wp","href":"https:\/\/api.w.org\/{rel}","templated":true}]}}