{"id":4216,"date":"2020-12-16T20:24:20","date_gmt":"2020-12-16T20:24:20","guid":{"rendered":"http:\/\/www.radiolimari.cl\/?p=4216"},"modified":"2020-12-16T20:24:20","modified_gmt":"2020-12-16T20:24:20","slug":"mas-de-11-500-kilos-de-vidrio-han-sido-recolectados-gracias-a-la-campana-ovalle-elige-vidrio","status":"publish","type":"post","link":"https:\/\/www.radiolimari.cl\/?p=4216","title":{"rendered":"M\u00e1s de 11.500 kilos de vidrio han sido recolectados gracias a la campa\u00f1a Ovalle Elige Vidrio"},"content":{"rendered":"<p><a href=\"https:\/\/www.radiolimari.cl\/wp-content\/uploads\/2020\/12\/16.12-Reciclaje-de-vidrio-en-Ovalle-balance.jpg\"><img fetchpriority=\"high\" decoding=\"async\" class=\"alignnone size-medium wp-image-4217\" src=\"https:\/\/www.radiolimari.cl\/wp-content\/uploads\/2020\/12\/16.12-Reciclaje-de-vidrio-en-Ovalle-balance-300x168.jpg\" alt=\"16.12 Reciclaje de vidrio en Ovalle balance\" width=\"300\" height=\"168\" srcset=\"https:\/\/www.radiolimari.cl\/wp-content\/uploads\/2020\/12\/16.12-Reciclaje-de-vidrio-en-Ovalle-balance-300x168.jpg 300w, https:\/\/www.radiolimari.cl\/wp-content\/uploads\/2020\/12\/16.12-Reciclaje-de-vidrio-en-Ovalle-balance-1024x576.jpg 1024w, https:\/\/www.radiolimari.cl\/wp-content\/uploads\/2020\/12\/16.12-Reciclaje-de-vidrio-en-Ovalle-balance.jpg 1920w\" sizes=\"(max-width: 300px) 100vw, 300px\" \/><\/a><\/p>\n<p><strong><em>El pasado 16 de noviembre se instalaron 30 puntos de reciclaje de vidrio, gracias a un trabajo en conjunto con COANIQUEM y Cristaler\u00edas Chile. Asimismo, la autoridad comunal hizo un llamado a cuidar estos dep\u00f3sitos, porque algunas de estas \u201ccampanas\u201d han sido rayadas y han resultado con da\u00f1os producto de la acci\u00f3n de personas inescrupulosas<\/em><\/strong><!--more--><\/p>\n<p>M\u00e1s de 11.500 kilos de vidrio han sido recolectados, gracias a la campa\u00f1a Ovalle Elige Vidrio en su primer mes de funcionamiento. Recordemos, que esta iniciativa impulsada en conjunto por el municipio de Ovalle, COANIQUEM y Cristaler\u00edas Chile permiti\u00f3 la instalaci\u00f3n de 30 \u201ccampanas\u201d o puntos de reciclaje en paseos p\u00fablicos de la ciudad.<\/p>\n<p>Su importancia radica porque el municipio local recolecta este material y luego es entregado a COANIQUEM, instituci\u00f3n que lo comercializa y los recursos obtenidos van en directa ayuda de ni\u00f1os y ni\u00f1as afectados por quemaduras, que se encuentran en tratamiento y en procesos de rehabilitaci\u00f3n en los centros m\u00e9dicos de la organizaci\u00f3n.<\/p>\n<p>\u201cHa habido una respuesta muy positiva a la campa\u00f1a de recolecci\u00f3n de vidrio en nuestra comuna y ha quedado demostrado por el alto inter\u00e9s de la comunidad, siendo parte activa de los procesos ambientales de su ciudad\u201d, indic\u00f3 el alcalde de Ovalle, Claudio Renter\u00eda. Asimismo, hizo un llamado para continuar utilizando los contenedores, y de este modo contribuir a una causa solidaria, que permite ir en ayuda de pacientes de Coaniquem.<\/p>\n<p>Al respecto, el encargado del departamento de Medio Ambiente, Eduardo Pizarro sostuvo que los resultados \u201chan sido mejor de lo esperado. El comportamiento de la comunidad super\u00f3 con creces las expectativas que ten\u00edamos, previo a iniciar la campa\u00f1a porque hemos acumulado m\u00e1s 11.500 kilos de vidrio, hecho que nos tiene muy contentos\u201d.<\/p>\n<p>El vidrio es material 100% reutilizable, puesto que no pierde nunca sus propiedades. Es inocuo y transparente, que se constituye como un motor de innovaci\u00f3n. Al separar el vidrio y depositarlo en contenedores espec\u00edficos, evitamos el uso de nuevas materias primas, y generamos -entre otras cosas- un ahorro importante de consumo de agua y energ\u00eda. Esta iniciativa permite extender el ciclo de vida de este producto y tambi\u00e9n contribuir con una causa solidaria, ya que todo el material recolectado permite ir en ayuda de los pacientes de COANIQUEM.<\/p>\n<p>En estos contenedores puedes depositar botellas de bebidas y de licores sin tapa, frascos, envases de perfume y de medicamentos. No se aceptan trozos de espejos, vidrios (ventanas), parabrisas, ampolletas y tubos florecentes, loza, pyrex y cristales.<\/p>\n<p><strong>Cuidados de las \u201ccampanas\u201d de reciclaje de vidrio<\/strong><\/p>\n<p>La campa\u00f1a de reciclaje de vidrio ha sido exitosa, pero un punto negativo ha sido que algunos de estos dep\u00f3sitos han resultado con da\u00f1os y rayados provocados por personas inescrupulosas. \u201cEs importante que cuidemos cada uno de los puntos de reciclaje de vidrio, porque s\u00f3lo nos generan beneficios para nuestro entorno y tambi\u00e9n para ir en ayuda de los ni\u00f1os y ni\u00f1as con quemaduras que son atendidos por COANIQUEM. Por eso les pedimos que nos ayudan a cuidarlas y denuncien a quienes realizan estas acciones vand\u00e1licas\u201d recalc\u00f3 el encargado del departamento de Medio Ambiente, Eduardo Pizarro. Asimismo, hizo un llamado a ser responsables con el material \u201cporque en varias ocasiones nos hemos encontrado con vidrios fuera de los dep\u00f3sitos, lo que se convierte en un peligro para los transe\u00fantes, principalmente ni\u00f1os y tambi\u00e9n para las mascotas\u201d.<\/p>\n","protected":false},"excerpt":{"rendered":"<p>El pasado 16 de noviembre se instalaron 30 puntos de reciclaje de vidrio, gracias a un trabajo en conjunto con COANIQUEM y Cristaler\u00edas Chile. Asimismo, la autoridad comunal hizo un llamado a cuidar estos dep\u00f3sitos, porque algunas de estas \u201ccampanas\u201d han sido rayadas y han resultado con da\u00f1os producto de la acci\u00f3n de personas inescrupulosas<\/p>\n","protected":false},"author":2,"featured_media":4217,"comment_status":"open","ping_status":"open","sticky":false,"template":"","format":"standard","meta":{"footnotes":""},"categories":[5],"tags":[],"class_list":["post-4216","post","type-post","status-publish","format-standard","has-post-thumbnail","hentry","category-actualidad-limarina"],"_links":{"self":[{"href":"https:\/\/www.radiolimari.cl\/index.php?rest_route=\/wp\/v2\/posts\/4216","targetHints":{"allow":["GET"]}}],"collection":[{"href":"https:\/\/www.radiolimari.cl\/index.php?rest_route=\/wp\/v2\/posts"}],"about":[{"href":"https:\/\/www.radiolimari.cl\/index.php?rest_route=\/wp\/v2\/types\/post"}],"author":[{"embeddable":true,"href":"https:\/\/www.radiolimari.cl\/index.php?rest_route=\/wp\/v2\/users\/2"}],"replies":[{"embeddable":true,"href":"https:\/\/www.radiolimari.cl\/index.php?rest_route=%2Fwp%2Fv2%2Fcomments&post=4216"}],"version-history":[{"count":1,"href":"https:\/\/www.radiolimari.cl\/index.php?rest_route=\/wp\/v2\/posts\/4216\/revisions"}],"predecessor-version":[{"id":4218,"href":"https:\/\/www.radiolimari.cl\/index.php?rest_route=\/wp\/v2\/posts\/4216\/revisions\/4218"}],"wp:featuredmedia":[{"embeddable":true,"href":"https:\/\/www.radiolimari.cl\/index.php?rest_route=\/wp\/v2\/media\/4217"}],"wp:attachment":[{"href":"https:\/\/www.radiolimari.cl\/index.php?rest_route=%2Fwp%2Fv2%2Fmedia&parent=4216"}],"wp:term":[{"taxonomy":"category","embeddable":true,"href":"https:\/\/www.radiolimari.cl\/index.php?rest_route=%2Fwp%2Fv2%2Fcategories&post=4216"},{"taxonomy":"post_tag","embeddable":true,"href":"https:\/\/www.radiolimari.cl\/index.php?rest_route=%2Fwp%2Fv2%2Ftags&post=4216"}],"curies":[{"name":"wp","href":"https:\/\/api.w.org\/{rel}","templated":true}]}}