{"id":4210,"date":"2020-12-14T19:41:05","date_gmt":"2020-12-14T19:41:05","guid":{"rendered":"http:\/\/www.radiolimari.cl\/?p=4210"},"modified":"2020-12-14T19:41:05","modified_gmt":"2020-12-14T19:41:05","slug":"cerca-de-2-mil-fiscalizaciones-y-109-sumarios-sanitarios-se-realizaron-en-ovalle-durante-el-fin-de-semana","status":"publish","type":"post","link":"https:\/\/www.radiolimari.cl\/?p=4210","title":{"rendered":"Cerca de 2 mil fiscalizaciones y 109 sumarios sanitarios se realizaron en Ovalle durante el fin de semana"},"content":{"rendered":"<p><a href=\"https:\/\/www.radiolimari.cl\/wp-content\/uploads\/2020\/12\/14.12-covid-ovalle.jpeg\"><img fetchpriority=\"high\" decoding=\"async\" class=\"alignnone size-medium wp-image-4211\" src=\"https:\/\/www.radiolimari.cl\/wp-content\/uploads\/2020\/12\/14.12-covid-ovalle-300x225.jpeg\" alt=\"14.12 covid ovalle\" width=\"300\" height=\"225\" srcset=\"https:\/\/www.radiolimari.cl\/wp-content\/uploads\/2020\/12\/14.12-covid-ovalle-300x225.jpeg 300w, https:\/\/www.radiolimari.cl\/wp-content\/uploads\/2020\/12\/14.12-covid-ovalle-1024x768.jpeg 1024w, https:\/\/www.radiolimari.cl\/wp-content\/uploads\/2020\/12\/14.12-covid-ovalle.jpeg 1280w\" sizes=\"(max-width: 300px) 100vw, 300px\" \/><\/a><\/p>\n<ul>\n<li><strong><em>En el reporte diario se informaron 88 casos nuevos de Covid en la regi\u00f3n de Coquimbo<\/em><\/strong><\/li>\n<\/ul>\n<p><!--more--><\/p>\n<p>Un importante trabajo de fiscalizaci\u00f3n se realiz\u00f3 durante el fin de semana en la comuna de Ovalle, que a partir del pasado s\u00e1bado retrocedi\u00f3 a Fase 2 de Transici\u00f3n en el Plan Paso a Paso.<\/p>\n<p>&nbsp;<\/p>\n<p>\u201cDurante el pasado fin de semana se reforzaron las fiscalizaciones principalmente en horario nocturno y en la comuna de Ovalle, que inici\u00f3 a partir del s\u00e1bado el retroceso a Fase de Transici\u00f3n. En la comuna de Ovalle, se contabilizaron 1.900 fiscalizaciones y se cursaron 109 sumarios sanitarios el fin de semana. Por eso reitero el llamado a la poblaci\u00f3n a mantener el autocuidado y las medidas como el uso de mascarilla, el distanciamiento social y el frecuente lavado de manos, para prevenir contagios de Covid_19 en la regi\u00f3n\u201d, se\u00f1al\u00f3 el Seremi de Salud, Alejandro Garc\u00eda.<\/p>\n<p>&nbsp;<\/p>\n<p><strong>Reporte Sanitario<\/strong><\/p>\n<p>&nbsp;<\/p>\n<p>En el reporte diario con la situaci\u00f3n local de la pandemia, se informaron 3 personas fallecidas a causa del Coronavirus, 2 con residencia en Monte Patria y 1 en Ovalle. \u201cAdem\u00e1s, debemos informar 88 casos nuevos del virus, llegando a un total de 13.574 casos acumulados y 231 con contagio activo\u00bb, detall\u00f3 la Autoridad Sanitaria.<\/p>\n<p>&nbsp;<\/p>\n<p>Los nuevos casos corresponden a las comunas de La Serena (15), Coquimbo (11), Ovalle (39), Monte Patria (11), Combarbal\u00e1 (2), Salamanca (2), Punitaqui (6) y 2 de otras regiones.<\/p>\n<p>&nbsp;<\/p>\n<p>Sobre el balance de la Red Asistencial, el Director (S) del Servicio de Salud Coquimbo, Edgardo Gonz\u00e1lez, se\u00f1al\u00f3 que la regi\u00f3n cuenta con una dotaci\u00f3n de 1.163 camas, las que presentan una ocupaci\u00f3n del 82%, es decir, 230 de ellas est\u00e1n disponibles. \u201cEn relaci\u00f3n con las camas de las unidades de Pacientes Cr\u00edticos, hoy contamos con 4 unidades disponibles en la Unidad de Cuidados Intensivos (UCI), que son aquellas que utilizan ventiladores mec\u00e1nicos, y 5 en la Unidad de Tratamiento Intermedio (UTI)\u201d, agreg\u00f3.<\/p>\n<p>&nbsp;<\/p>\n<p>Adem\u00e1s, la autoridad entreg\u00f3 el reporte de pacientes hospitalizados. \u201cEn la Regi\u00f3n de Coquimbo hoy se encuentran internados 27 pacientes producto del virus, de los cuales 11 est\u00e1n graves con soporte respiratorio: 3 en el Hospital de Coquimbo, 2 en el Hospital de La Serena y 6 en el Hospital de Ovalle\u201d, detall\u00f3.<\/p>\n<p>&nbsp;<\/p>\n<p>Junto con ello, la autoridad entreg\u00f3 el detalle del personal de salud afectado por el virus, se\u00f1alando que 11 funcionarios del Servicio de Salud y de los hospitales han dado positivo al virus, y 52 se encuentran en cuarentena preventiva. Mientras que, en la Atenci\u00f3n Primaria de Salud, 9 funcionarios han dado positivo y 30 se mantienen en cuarentena.<\/p>\n<p><strong>\u00a0<\/strong><\/p>\n<p><strong>\u00a0<\/strong><\/p>\n<p><strong>\u00a0<\/strong><\/p>\n<p><strong>\u00a0<\/strong><\/p>\n<p><strong>BALANCE REGI\u00d3N DE COQUIMBO<\/strong><\/p>\n<p>&nbsp;<\/p>\n<p><strong>Lunes 14 de diciembre<\/strong><\/p>\n<p>88 casos nuevos<\/p>\n<p>13.574 casos acumulados<\/p>\n<p>231 casos activos<\/p>\n<p>281 fallecidos<\/p>\n<p>27 pacientes hospitalizados<\/p>\n<p>Residencias Sanitarias: 77% de ocupaci\u00f3n<\/p>\n<p>Detalle Casos Nuevos:<\/p>\n<ul>\n<li>15 de La Serena<\/li>\n<li>11 de Coquimbo<\/li>\n<li>39 de Ovalle<\/li>\n<li>2 de Salamanca<\/li>\n<li>2 de Combarbal\u00e1<\/li>\n<li>11 de Monte Patria<\/li>\n<li>6 de Punitaqui<\/li>\n<li>2 de otra regi\u00f3n<\/li>\n<\/ul>\n<p>&nbsp;<\/p>\n<p>&nbsp;<\/p>\n<p>&nbsp;<\/p>\n","protected":false},"excerpt":{"rendered":"<p>En el reporte diario se informaron 88 casos nuevos de Covid en la regi\u00f3n de Coquimbo<\/p>\n","protected":false},"author":2,"featured_media":4211,"comment_status":"open","ping_status":"open","sticky":false,"template":"","format":"standard","meta":{"footnotes":""},"categories":[3],"tags":[],"class_list":["post-4210","post","type-post","status-publish","format-standard","has-post-thumbnail","hentry","category-actualidad"],"_links":{"self":[{"href":"https:\/\/www.radiolimari.cl\/index.php?rest_route=\/wp\/v2\/posts\/4210","targetHints":{"allow":["GET"]}}],"collection":[{"href":"https:\/\/www.radiolimari.cl\/index.php?rest_route=\/wp\/v2\/posts"}],"about":[{"href":"https:\/\/www.radiolimari.cl\/index.php?rest_route=\/wp\/v2\/types\/post"}],"author":[{"embeddable":true,"href":"https:\/\/www.radiolimari.cl\/index.php?rest_route=\/wp\/v2\/users\/2"}],"replies":[{"embeddable":true,"href":"https:\/\/www.radiolimari.cl\/index.php?rest_route=%2Fwp%2Fv2%2Fcomments&post=4210"}],"version-history":[{"count":1,"href":"https:\/\/www.radiolimari.cl\/index.php?rest_route=\/wp\/v2\/posts\/4210\/revisions"}],"predecessor-version":[{"id":4212,"href":"https:\/\/www.radiolimari.cl\/index.php?rest_route=\/wp\/v2\/posts\/4210\/revisions\/4212"}],"wp:featuredmedia":[{"embeddable":true,"href":"https:\/\/www.radiolimari.cl\/index.php?rest_route=\/wp\/v2\/media\/4211"}],"wp:attachment":[{"href":"https:\/\/www.radiolimari.cl\/index.php?rest_route=%2Fwp%2Fv2%2Fmedia&parent=4210"}],"wp:term":[{"taxonomy":"category","embeddable":true,"href":"https:\/\/www.radiolimari.cl\/index.php?rest_route=%2Fwp%2Fv2%2Fcategories&post=4210"},{"taxonomy":"post_tag","embeddable":true,"href":"https:\/\/www.radiolimari.cl\/index.php?rest_route=%2Fwp%2Fv2%2Ftags&post=4210"}],"curies":[{"name":"wp","href":"https:\/\/api.w.org\/{rel}","templated":true}]}}