{"id":4207,"date":"2020-12-14T19:26:46","date_gmt":"2020-12-14T19:26:46","guid":{"rendered":"http:\/\/www.radiolimari.cl\/?p=4207"},"modified":"2020-12-14T19:26:46","modified_gmt":"2020-12-14T19:26:46","slug":"festival-ovalle-cultura-una-apuesta-por-el-talento-local","status":"publish","type":"post","link":"https:\/\/www.radiolimari.cl\/?p=4207","title":{"rendered":"Festival Ovalle Cultura: una apuesta por el talento local"},"content":{"rendered":"<p><a href=\"https:\/\/www.radiolimari.cl\/wp-content\/uploads\/2020\/12\/14.12-festival-cultura.png\"><img fetchpriority=\"high\" decoding=\"async\" class=\"alignnone size-medium wp-image-4208\" src=\"https:\/\/www.radiolimari.cl\/wp-content\/uploads\/2020\/12\/14.12-festival-cultura-300x168.png\" alt=\"14.12 festival cultura\" width=\"300\" height=\"168\" srcset=\"https:\/\/www.radiolimari.cl\/wp-content\/uploads\/2020\/12\/14.12-festival-cultura-300x168.png 300w, https:\/\/www.radiolimari.cl\/wp-content\/uploads\/2020\/12\/14.12-festival-cultura-1024x576.png 1024w, https:\/\/www.radiolimari.cl\/wp-content\/uploads\/2020\/12\/14.12-festival-cultura.png 1920w\" sizes=\"(max-width: 300px) 100vw, 300px\" \/><\/a><\/p>\n<p>Durante tres d\u00edas el escenario del Teatro Municipal de Ovalle se convirti\u00f3 en el epicentro de la m\u00fasica regional, cobijando por primera vez una versi\u00f3n del Festival Ovalle Cultura.<!--more--><\/p>\n<p>Una puesta en escena distinta a la que nos ten\u00eda acostumbrados la Corporaci\u00f3n Cultural Municipal de Ovalle, a\u00f1os anteriores, sorprendi\u00f3 a los espectadores que desde el jueves 10\u00a0 hasta el s\u00e1bado 12 de diciembre siguieron la transmisi\u00f3n a trav\u00e9s de Canal de Youtube y el Fanpage de Ovalle Cultura y de la se\u00f1al abierta de Astro TV.<\/p>\n<p>\u201cDurante el a\u00f1o la transmisi\u00f3n de los Ovalle Sesiones, a trav\u00e9s de Ovalle Cultura Play tuvo una gran acogida por parte del p\u00fablico, lo que nos motiv\u00f3 a llevar a cabo la versi\u00f3n 2020 de Festival Ovalle Cultura, llev\u00e1ndolo al formato digital. Para ello contamos con el apoyo del Municipio de Ovalle y el Co-Financiado Ministerio de las Culturas las Artes y el Patrimonio, a trav\u00e9s de su Convocatoria P\u00fablica 2020 para el Fortalecimiento de la Planificaci\u00f3n y Gesti\u00f3n Cultural\u201d as\u00ed lo se\u00f1al\u00f3 el director ejecutivo de la Corporaci\u00f3n Cultural Municipal de Ovalle, Ifman Huerta Saavedra.<\/p>\n<p>Si bien las condiciones sanitarias no nos permitieron disfrutar de este evento al aire libre, el formato digital nos llev\u00f3 hasta los sets: Fray Jorge, Embalse Recoleta y Valle del Encanto donde las 12 bandas locales invitadas mostraron todo su talento sobre el escenario del TMO, adem\u00e1s de capsulas audiovisuales en las que diversas industrias creativas de la capital limarina dieron a conocer atractivos e interesantes creaciones art\u00edsticas. Cabe destacar que este a\u00f1o el festival cont\u00f3 con su propio tema, del cantautor ovallino Francisco Gonz\u00e1lez Nu\u00f1ez, y la ilustraci\u00f3n de Sebasti\u00e1n Rojas, trabajos que rescataron la identidad y el patrimonio local.<\/p>\n<p>El cantautor uruguayo-chileno, Gonzalo Ya\u00f1ez fue el encargado de animar las tres jornadas y presentar a quienes dieron vida a este festival, adem\u00e1s de conversar con los m\u00fasicos invitados en el set Miscel\u00e1nea y por supuesto regalarnos sus m\u00e1s grandes \u00e9xitos. \u201cEs muy valorable que existan estas instancias, donde la m\u00fasica sea la protagonista y donde los artistas locales puedan mostrar su talento. Yo me la pas\u00e9 muy bien, fueron tres d\u00edas llenos de muchas sorpresas y buena onda\u201d dijo el cantautor.<\/p>\n<p>El jueves 10 de diciembre a las 19:00 horas comenz\u00f3 la transmisi\u00f3n en la que estuvieron presentes\u00a0 la banda Flamantes, Vichoz Jara, Algo pa\u00b4la mente y Los Condenados; quienes al ritmo del pop, rock, reggae y cumbia encendieron los motores de esta fiesta musical sobre el Set Fray Jorge.<\/p>\n<p>Pero esto solo era el inicio, ya que el evento contin\u00fao en el set Embalse Recoleta el viernes 11 de noviembre con la energ\u00eda de Locura a Bordo,\u00a0 Quinto Mono, 4Estigma y \u00a0Vientos del Pueblo, una jornada bien variada en cuanto a ritmos musicales, que continu\u00f3 sorprendiendo a los espectadores.<\/p>\n<p>El \u00faltimo d\u00eda el set Valle del Encanto recibi\u00f3 a la talentosa cantautora ovallina Pae quien inici\u00f3 la jornada que adem\u00e1s cont\u00f3 con la innovadora propuesta de\u00a0 Relatos de Segundo Plato, la banda indie Hesper y la banda juvenil D-43, encargada de despedir esta versi\u00f3n del Festival.<\/p>\n<p>Sebasti\u00e1n Vergara, integrante de Relatos de Segundo Plato se\u00f1al\u00f3 que ser parte de este festival era un anhelo de esta agrupaci\u00f3n desde sus comienzos y \u201cestamos m\u00e1s que agradecidos por haber podido estar presente. Fue inolvidable compartir escenario con bandas que se han abierto paso en la escena local y nacional y bandas amigas. Ojal\u00e1 se sigan consolidando estos espacios para los artistas locales\u201d.<\/p>\n<p>&nbsp;<\/p>\n<p>&nbsp;<\/p>\n","protected":false},"excerpt":{"rendered":"<p>Durante tres d\u00edas el escenario del Teatro Municipal de Ovalle se convirti\u00f3 en el epicentro de la m\u00fasica regional, cobijando por primera vez una versi\u00f3n del Festival Ovalle Cultura.<\/p>\n","protected":false},"author":2,"featured_media":4208,"comment_status":"open","ping_status":"open","sticky":false,"template":"","format":"standard","meta":{"footnotes":""},"categories":[5],"tags":[],"class_list":["post-4207","post","type-post","status-publish","format-standard","has-post-thumbnail","hentry","category-actualidad-limarina"],"_links":{"self":[{"href":"https:\/\/www.radiolimari.cl\/index.php?rest_route=\/wp\/v2\/posts\/4207","targetHints":{"allow":["GET"]}}],"collection":[{"href":"https:\/\/www.radiolimari.cl\/index.php?rest_route=\/wp\/v2\/posts"}],"about":[{"href":"https:\/\/www.radiolimari.cl\/index.php?rest_route=\/wp\/v2\/types\/post"}],"author":[{"embeddable":true,"href":"https:\/\/www.radiolimari.cl\/index.php?rest_route=\/wp\/v2\/users\/2"}],"replies":[{"embeddable":true,"href":"https:\/\/www.radiolimari.cl\/index.php?rest_route=%2Fwp%2Fv2%2Fcomments&post=4207"}],"version-history":[{"count":1,"href":"https:\/\/www.radiolimari.cl\/index.php?rest_route=\/wp\/v2\/posts\/4207\/revisions"}],"predecessor-version":[{"id":4209,"href":"https:\/\/www.radiolimari.cl\/index.php?rest_route=\/wp\/v2\/posts\/4207\/revisions\/4209"}],"wp:featuredmedia":[{"embeddable":true,"href":"https:\/\/www.radiolimari.cl\/index.php?rest_route=\/wp\/v2\/media\/4208"}],"wp:attachment":[{"href":"https:\/\/www.radiolimari.cl\/index.php?rest_route=%2Fwp%2Fv2%2Fmedia&parent=4207"}],"wp:term":[{"taxonomy":"category","embeddable":true,"href":"https:\/\/www.radiolimari.cl\/index.php?rest_route=%2Fwp%2Fv2%2Fcategories&post=4207"},{"taxonomy":"post_tag","embeddable":true,"href":"https:\/\/www.radiolimari.cl\/index.php?rest_route=%2Fwp%2Fv2%2Ftags&post=4207"}],"curies":[{"name":"wp","href":"https:\/\/api.w.org\/{rel}","templated":true}]}}