{"id":4204,"date":"2020-12-11T02:10:08","date_gmt":"2020-12-11T02:10:08","guid":{"rendered":"http:\/\/www.radiolimari.cl\/?p=4204"},"modified":"2020-12-11T02:15:22","modified_gmt":"2020-12-11T02:15:22","slug":"tras-aumento-de-contagios-ovalle-retrocede-a-fase-de-transicion","status":"publish","type":"post","link":"https:\/\/www.radiolimari.cl\/?p=4204","title":{"rendered":"Tras aumento de contagios Ovalle retrocede a Fase de Transici\u00f3n"},"content":{"rendered":"<p><a href=\"https:\/\/www.radiolimari.cl\/wp-content\/uploads\/2020\/12\/10.12-Fase-2-Transici\u00f3n-en-Ovalle-1.jpg\"><img fetchpriority=\"high\" decoding=\"async\" class=\"alignnone size-medium wp-image-4205\" src=\"https:\/\/www.radiolimari.cl\/wp-content\/uploads\/2020\/12\/10.12-Fase-2-Transici\u00f3n-en-Ovalle-1-300x200.jpg\" alt=\"10.12 Fase 2 Transici\u00f3n en Ovalle 1\" width=\"300\" height=\"200\" srcset=\"https:\/\/www.radiolimari.cl\/wp-content\/uploads\/2020\/12\/10.12-Fase-2-Transici\u00f3n-en-Ovalle-1-300x200.jpg 300w, https:\/\/www.radiolimari.cl\/wp-content\/uploads\/2020\/12\/10.12-Fase-2-Transici\u00f3n-en-Ovalle-1-1024x683.jpg 1024w, https:\/\/www.radiolimari.cl\/wp-content\/uploads\/2020\/12\/10.12-Fase-2-Transici\u00f3n-en-Ovalle-1.jpg 1988w\" sizes=\"(max-width: 300px) 100vw, 300px\" \/><\/a><\/p>\n<p><strong><em>La medida se iniciar\u00eda el pr\u00f3ximo s\u00e1bado 12, desde las 5 de la madrugada y quienes deseen transitar los fines de semana o festivos \u00a0tendr\u00e1n que solicitar un permiso en <a href=\"http:\/\/www.comisar\u00edavirtual.cl\">www.comisar\u00edavirtual.cl<\/a> <\/em><\/strong><!--more--><\/p>\n<p>El aumento explosivo de casos e indicadores negativos finalmente influyeron para que Ovalle retrocediera a la FASE 2 o de Transici\u00f3n del plan Paso a Paso del Gobierno. As\u00ed fue anunciado por las autoridades sanitarias en el reporte de este jueves 10 de diciembre, en el cual se inform\u00f3 que la comuna fue una de las que experiment\u00f3 alzas de contagios en las \u00faltimas semanas, lo que oblig\u00f3 al ministerio de Salud a tomar esta decisi\u00f3n y de esta forma frenar los casos nuevos y activos en la capital limarina.<\/p>\n<p>\u201cRetroceder a Fase 2 es una medida muy da\u00f1ina en lo laboral y sobretodo para el \u00e1rea comercial que estaba reci\u00e9n recuper\u00e1ndose, luego de meses sin funcionar con normalidad. Lamentablemente, estas decisiones son duras, pero deben tomarse porque la situaci\u00f3n actual en materia de contagios, actualmente, es muy preocupante y no queremos que el virus se propague y aumenten incontrolablemente los casos nuevos y focos activos del virus en nuestra comuna\u201d sostuvo el alcalde de Ovalle, Claudio Renter\u00eda. La autoridad comunal agreg\u00f3 que es \u201cimportante, m\u00e1s que nunca, intensificar el cumplimiento de las medidas sanitarias y practicar el autocuidado, porque no queremos volver a tener las restricciones que trae consigo la cuarentena\u201d.<\/p>\n<p>De acuerdo a los datos entregados por la serem\u00eda de Salud, el explosivo aumento de casos en Ovalle tiene relaci\u00f3n con la falta de cuidados personales en reuniones sociales y familiares, lo que, claramente, influy\u00f3 en la decisi\u00f3n que tom\u00f3 el gobierno, que busca disminuir la circulaci\u00f3n de personas, sobre todo los fines de semana.<\/p>\n<p>De todos modos, a partir de este viernes 12 de diciembre se implementar\u00e1 el Plan Ovalle 2.0, con el cual se aumentar\u00e1 la fiscalizaci\u00f3n por parte de personal del ministerio de Salud y del municipio local, adem\u00e1s se incrementar\u00e1 el contingente militar, principalmente, en el \u00e1rea comercial de la ciudad.<\/p>\n<p>Recordemos, que en la Fase 2 o de Transici\u00f3n se permite la libre de circulaci\u00f3n de lunes a viernes y quienes quieran transitar los d\u00edas s\u00e1bados, domingo y festivos tendr\u00e1n a su disposici\u00f3n solamente un permiso en <a href=\"http:\/\/www.comisariavirtual.cl\">www.comisariavirtual.cl<\/a><\/p>\n<p>\u00bfQu\u00e9 puede funcionar en Ovalle?<\/p>\n<p>De acuerdo al Plan Paso a Paso podr\u00e1n funcionar supermercados, farmacias y centros de abastecimiento, recintos de salud y de servicio p\u00fablico. En el \u00e1rea comercial, la atenci\u00f3n a p\u00fablico en restoranes y caf\u00e9s est\u00e1 permitida s\u00f3lo en espacios abiertos o terrazas, pero con la restricci\u00f3n de habilitar el 25% de su capacidad, con dos metros lineales entre mesas y con una estad\u00eda m\u00e1xima de 2 horas. Las autoridades de gobierno recalcaron que todas estas acciones se deben realizar tomando los resguardos y cumpliendo con las medidas sanitarias, como el uso obligatorio de mascarilla, distanciamiento social y el lavado de manos frecuente.<\/p>\n","protected":false},"excerpt":{"rendered":"<p>La medida se iniciar\u00eda el pr\u00f3ximo s\u00e1bado 12, desde las 5 de la madrugada y quienes deseen transitar los fines de semana o festivos \u00a0tendr\u00e1n que solicitar un permiso en www.comisar\u00edavirtual.cl<\/p>\n","protected":false},"author":2,"featured_media":4205,"comment_status":"open","ping_status":"open","sticky":false,"template":"","format":"standard","meta":{"footnotes":""},"categories":[5],"tags":[],"class_list":["post-4204","post","type-post","status-publish","format-standard","has-post-thumbnail","hentry","category-actualidad-limarina"],"_links":{"self":[{"href":"https:\/\/www.radiolimari.cl\/index.php?rest_route=\/wp\/v2\/posts\/4204","targetHints":{"allow":["GET"]}}],"collection":[{"href":"https:\/\/www.radiolimari.cl\/index.php?rest_route=\/wp\/v2\/posts"}],"about":[{"href":"https:\/\/www.radiolimari.cl\/index.php?rest_route=\/wp\/v2\/types\/post"}],"author":[{"embeddable":true,"href":"https:\/\/www.radiolimari.cl\/index.php?rest_route=\/wp\/v2\/users\/2"}],"replies":[{"embeddable":true,"href":"https:\/\/www.radiolimari.cl\/index.php?rest_route=%2Fwp%2Fv2%2Fcomments&post=4204"}],"version-history":[{"count":1,"href":"https:\/\/www.radiolimari.cl\/index.php?rest_route=\/wp\/v2\/posts\/4204\/revisions"}],"predecessor-version":[{"id":4206,"href":"https:\/\/www.radiolimari.cl\/index.php?rest_route=\/wp\/v2\/posts\/4204\/revisions\/4206"}],"wp:featuredmedia":[{"embeddable":true,"href":"https:\/\/www.radiolimari.cl\/index.php?rest_route=\/wp\/v2\/media\/4205"}],"wp:attachment":[{"href":"https:\/\/www.radiolimari.cl\/index.php?rest_route=%2Fwp%2Fv2%2Fmedia&parent=4204"}],"wp:term":[{"taxonomy":"category","embeddable":true,"href":"https:\/\/www.radiolimari.cl\/index.php?rest_route=%2Fwp%2Fv2%2Fcategories&post=4204"},{"taxonomy":"post_tag","embeddable":true,"href":"https:\/\/www.radiolimari.cl\/index.php?rest_route=%2Fwp%2Fv2%2Ftags&post=4204"}],"curies":[{"name":"wp","href":"https:\/\/api.w.org\/{rel}","templated":true}]}}